{"id":77489,"date":"2024-09-20T09:00:11","date_gmt":"2024-09-20T09:00:11","guid":{"rendered":"https:\/\/ekamu.net\/?p=77489"},"modified":"2024-09-20T09:00:11","modified_gmt":"2024-09-20T09:00:11","slug":"iphone-16-turkiye-fiyatlari-belli-oldu-iste-iphone-16-pro-max-fiyat-listesi","status":"publish","type":"post","link":"https:\/\/ekamu.net\/index.php\/2024\/09\/20\/iphone-16-turkiye-fiyatlari-belli-oldu-iste-iphone-16-pro-max-fiyat-listesi\/","title":{"rendered":"iPhone 16 T\u00fcrkiye fiyatlar\u0131 belli oldu! \u0130\u015fte iPhone 16 Pro Max fiyat listesi"},"content":{"rendered":"<p><figure> <span> <img decoding=\"async\" src=\"https:\/\/ekamu.net\/wp-content\/uploads\/2024\/09\/iphone-16-turkiye-fiyatlari-belli-oldu-iste-iphone-16-pro-max-fiyat-listesi-0-YFSTu5Ke.jpg\"\/> <\/span> Apple Event etkinli\u011finin sona ermesiyle birlikte, iPhone 16 ve <strong>iPhone 16 Pro Max T\u00fcrkiye fiyatlar\u0131<\/strong> belli oldu. B\u00f6ylece\u00a0&#8220;<em>iPhone 16 ne kadar, ka\u00e7 TL olacak?<\/em>&#8221; sorusunun yan\u0131t\u0131 da belli oldu ve <strong>iPhone 16 T\u00fcrkiye fiyat listesi<\/strong> a\u00e7\u0131kland\u0131. Ayr\u0131ca telefonlar\u0131n \u00f6n sipari\u015f ve T\u00fcrkiye&#8217;ye geli\u015f tarihleri de netle\u015fti. <\/figure>\n<div>\n<table>\n<p><b>iPhone 16 Fiyat Listesi \ud83d\udcb0<\/b><\/p>\n<thead>\n<tr>\n<th>iPhone Modeli \ud83d\udcf1<\/th>\n<th>Fiyat \ud83d\udcb8<\/th>\n<\/tr>\n<\/thead>\n<tbody>\n<tr>\n<td>iPhone 16 128 GB<\/td>\n<td>64.999 TL<\/td>\n<\/tr>\n<tr>\n<td>iPhone 16 256 GB<\/td>\n<td>69.999 TL<\/td>\n<\/tr>\n<tr>\n<td>iPhone 16 512 GB<\/td>\n<td>79.999 TL<\/td>\n<\/tr>\n<tr>\n<td>iPhone 16 Plus 128 GB<\/td>\n<td>73.999 TL<\/td>\n<\/tr>\n<tr>\n<td>iPhone 16 Plus 256 GB<\/td>\n<td>78.999 TL<\/td>\n<\/tr>\n<tr>\n<td>iPhone 16 Plus 512 GB<\/td>\n<td>88.999 TL<\/td>\n<\/tr>\n<tr>\n<td>iPhone 16 Pro 128 GB<\/td>\n<td>82.999 TL<\/td>\n<\/tr>\n<tr>\n<td>iPhone 16 Pro 256 GB<\/td>\n<td>87.999 TL<\/td>\n<\/tr>\n<tr>\n<td>iPhone 16 Pro 512\u00a0GB<\/td>\n<td>97.999 TL<\/td>\n<\/tr>\n<tr>\n<td>iPhone 16 Pro 1 TB<\/td>\n<td>107.999 TL<\/td>\n<\/tr>\n<tr>\n<td>iPhone 16 Pro Max 256\u00a0GB<\/td>\n<td>99.999 TL<\/td>\n<\/tr>\n<tr>\n<td>iPhone 16 Pro Max 512\u00a0GB<\/td>\n<td>109.999 TL<\/td>\n<\/tr>\n<tr>\n<td>iPhone 16 Pro Max 1 TB<\/td>\n<td>119.999 TL<\/td>\n<\/tr>\n<\/tbody>\n<\/table>\n<\/div>\n<p><b>iPhone 16 T\u00fcrkiye&#8217;de ne zaman sat\u0131\u015fa \u00e7\u0131kacak?<\/b><\/p>\n<p>iPhone 15 ve iPhone 15 Pro Max modelleri, <strong>13 Eyl\u00fcl&#8217;de<\/strong> Apple Store T\u00fcrkiye web sitesinde <strong>\u00f6n sipari\u015fe<\/strong> a\u00e7\u0131lacak. Telefonlar 20 Eyl\u00fcl tarihinde ise T\u00fcrkiye\u2019ye gelecek olup Apple Store ve di\u011fer ma\u011fazalardan sat\u0131n al\u0131nabilecek.<\/p>\n\n<p><span style=\"display: block; width: 343.125px; color: rgb(55, 58, 60); font-size: 14px; background-color: rgb(255, 249, 236);\"><\/span><\/p>\n<p>Kaynak :\u00a0<span style=\"background-color: rgb(255, 249, 236); color: rgb(55, 58, 60); font-size: 14px;\">https:\/\/www.donanimhaber.com\/iphone-16-pro-max-turkiye-fiyat-listesi&#8211;181729<\/span><\/p>\n","protected":false},"excerpt":{"rendered":"<p>Apple Event etkinli\u011finin sona ermesiyle birlikte, iPhone 16 ve iPhone 16 Pro Max T\u00fcrkiye fiyatlar\u0131 belli oldu. B\u00f6ylece\u00a0&#8220;iPhone 16 ne kadar, ka\u00e7 TL olacak?&#8221; sorusunun yan\u0131t\u0131 da belli oldu ve iPhone 16 T\u00fcrkiye fiyat listesi a\u00e7\u0131kland\u0131. Ayr\u0131ca &#8230;<\/p>\n","protected":false},"author":1,"featured_media":77490,"comment_status":"open","ping_status":"open","sticky":false,"template":"","format":"standard","meta":{"footnotes":""},"categories":[8],"tags":[243,244,80],"class_list":["post-77489","post","type-post","status-publish","format-standard","has-post-thumbnail","hentry","category-teknoloji","tag-iphone-16","tag-max","tag-turkiye"],"_links":{"self":[{"href":"https:\/\/ekamu.net\/index.php\/wp-json\/wp\/v2\/posts\/77489","targetHints":{"allow":["GET"]}}],"collection":[{"href":"https:\/\/ekamu.net\/index.php\/wp-json\/wp\/v2\/posts"}],"about":[{"href":"https:\/\/ekamu.net\/index.php\/wp-json\/wp\/v2\/types\/post"}],"author":[{"embeddable":true,"href":"https:\/\/ekamu.net\/index.php\/wp-json\/wp\/v2\/users\/1"}],"replies":[{"embeddable":true,"href":"https:\/\/ekamu.net\/index.php\/wp-json\/wp\/v2\/comments?post=77489"}],"version-history":[{"count":1,"href":"https:\/\/ekamu.net\/index.php\/wp-json\/wp\/v2\/posts\/77489\/revisions"}],"predecessor-version":[{"id":77492,"href":"https:\/\/ekamu.net\/index.php\/wp-json\/wp\/v2\/posts\/77489\/revisions\/77492"}],"wp:featuredmedia":[{"embeddable":true,"href":"https:\/\/ekamu.net\/index.php\/wp-json\/wp\/v2\/media\/77490"}],"wp:attachment":[{"href":"https:\/\/ekamu.net\/index.php\/wp-json\/wp\/v2\/media?parent=77489"}],"wp:term":[{"taxonomy":"category","embeddable":true,"href":"https:\/\/ekamu.net\/index.php\/wp-json\/wp\/v2\/categories?post=77489"},{"taxonomy":"post_tag","embeddable":true,"href":"https:\/\/ekamu.net\/index.php\/wp-json\/wp\/v2\/tags?post=77489"}],"curies":[{"name":"wp","href":"https:\/\/api.w.org\/{rel}","templated":true}]}}