{"id":80153,"date":"2024-09-26T12:36:36","date_gmt":"2024-09-26T12:36:36","guid":{"rendered":"https:\/\/ekamu.net\/?p=80153"},"modified":"2024-09-26T12:36:36","modified_gmt":"2024-09-26T12:36:36","slug":"powell-fed-faiz-indiriminde-aceleci-olmayacak","status":"publish","type":"post","link":"https:\/\/ekamu.net\/index.php\/2024\/09\/26\/powell-fed-faiz-indiriminde-aceleci-olmayacak\/","title":{"rendered":"Powell: Fed faiz indiriminde aceleci olmayacak"},"content":{"rendered":"<div>\n<p>Fed\u2019in 50 baz puanl\u0131k faiz indirimi karar\u0131 sonras\u0131 Ba\u015fkan Jerome Powell bas\u0131n toplant\u0131s\u0131nda a\u00e7\u0131klamalar yapt\u0131. Powell son toplant\u0131dan bu yana gelen verilere ba\u011fl\u0131 olarak \u201850 baz puanl\u0131k indirimin do\u011fru olaca\u011f\u0131 sonucuna vard\u0131klar\u0131n\u0131\u2019 s\u00f6yledi. Powell karar\u0131n, politika duru\u015funun uygun \u015fekilde yeniden ayarlanmas\u0131yla i\u015f g\u00fcc\u00fc piyasas\u0131ndaki g\u00fcc\u00fcn korunabilece\u011fine olan artan g\u00fcveni yans\u0131tt\u0131\u011f\u0131n\u0131 s\u00f6yledi.<\/p>\n<p>Powell al\u0131nan karar\u0131n FOMC \u00fcyelerinden geni\u015f destek buldu\u011funu ifade etti.<\/p>\n<p>Powell indirimlerin daha h\u0131zl\u0131 veya yava\u015f olabilece\u011fini, gerekti\u011finde durup beklemenin de olas\u0131l\u0131klar aras\u0131nda oldu\u011funu bildirdi. Powell faiz indirimine gitmek i\u00e7in sab\u0131rl\u0131 davrand\u0131klar\u0131n\u0131 ve meyvelerini toplad\u0131klar\u0131n\u0131 bildirdi.<\/p>\n<\/div>\n<div>\n<p>Powell 19 \u00fcyenin bu y\u0131l i\u00e7inde birka\u00e7 indirim bekledi\u011fini, 17 \u00fcyenin ise bu y\u0131l 3 indirim bekledi\u011fini dile getirdi. Powell ek faiz ayarlamas\u0131 i\u00e7in gelen verileri, g\u00f6r\u00fcn\u00fcm\u00fc ve risk dengelerini de\u011ferlendireceklerini belirtti.<\/p>\n<p>Fed Ba\u015fkan\u0131 enflasyon konusunda \u00f6nemli yol kat ettiklerini belirterek \u201cAncak enflasyon hala y\u00fczde 2\u2019lik hedefimizin \u00fczerinde kalmaya devam ediyor. Enflasyona y\u00f6nelik yukar\u0131 y\u00f6nl\u00fc riskler azald\u0131, istihdama ili\u015fkin a\u015fa\u011f\u0131 y\u00f6nl\u00fc riskler artt\u0131.\u201d dedi.<\/p>\n<p>\u0130stihdam piyasas\u0131nda so\u011fuma oldu\u011funu belirten Powell \u201c\u0130\u015fg\u00fcc\u00fc piyasas\u0131 \u015fu an enflasyonist bask\u0131 olu\u015fturmuyor\u201d diye konu\u015ftu.<\/p>\n<p>Powell faiz kararlar\u0131n\u0131 toplant\u0131dan toplant\u0131dan toplant\u0131ya alacaklar\u0131n\u0131, at\u0131lacak ad\u0131mlar\u0131n ekonominin gidi\u015fat\u0131na g\u00f6re de\u011fi\u015fece\u011fini ifade etti.<\/p>\n<p>Ba\u015fkan, arz ve talebin dengelendi\u011fini, para politikas\u0131n\u0131n arz ve talep dengesinin yeniden sa\u011flanmas\u0131na yard\u0131mc\u0131 oldu\u011funu s\u00f6yledi.<\/p>\n<p>Powell, ortaya koyduklar\u0131 projeksiyonlar\u0131n bir karar veya plan olmad\u0131\u011f\u0131n\u0131 vurgulad\u0131.<\/p>\n<p>Fed\u2019in enflasyon konusunda zafer ilan etmedi\u011fini kaydeden Ba\u015fkan \u201cS\u00fcrd\u00fcr\u00fclebilir \u015fekilde y\u00fczde 2\u2019lik enflasyon hedefimize ula\u015f\u0131yoruz\u201d diye konu\u015ftu.<\/p>\n<p>Hem bilan\u00e7o, hem politika faizi ad\u0131mlar\u0131 normalle\u015fmenin bir bi\u00e7imi oldu\u011funu belirten Powell ekonomi geli\u015ftik\u00e7e para politikas\u0131n\u0131n, hedefleri en iyi kar\u015f\u0131layacak \u015fekilde d\u00fczenlenece\u011fini dile getirdi.<\/p>\n<p>\u0130\u015fg\u00fcc\u00fc piyasas\u0131 ko\u015fullar\u0131n\u0131n sakinle\u015fti\u011fini ancak hala maksimum istihdamda olduklar\u0131n\u0131 kaydeden Ba\u015fkan \u00fccret art\u0131\u015flar\u0131n\u0131n hala y\u00fczde 2 enflasyon ile tutarl\u0131 seviyenin biraz \u00fcst\u00fcnde oldu\u011funa dikkat \u00e7ekti.<\/p>\n<p>Powell \u201cFaizlerin ultra d\u00fc\u015f\u00fck oldu\u011fu bir d\u00fcnyaya geri d\u00f6nm\u00fcyoruz.\u201d ifadesini kulland\u0131.<\/p>\n<p>Fed 4 y\u0131ldan uzun bir s\u00fcredir yapt\u0131\u011f\u0131 indirimle faiz oran\u0131n\u0131 y\u00fczde 4,75-5 aral\u0131\u011f\u0131na \u00e7ekti.<\/p>\n<\/div>\n<\/p>\n<p><\/p>\n<p>Kaynak :\u00a0<span style=\"background-color: rgb(255, 249, 236); color: rgb(55, 58, 60); font-size: 14px;\">Bloomberg HT<\/span><\/p>\n<p><span style=\"display: block; width: 343.125px; color: rgb(55, 58, 60); font-size: 14px; background-color: rgb(255, 249, 236);\"><\/span><\/p>\n","protected":false},"excerpt":{"rendered":"<p>Fed Ba\u015fkan\u0131 Jerome Powell 50 baz puanl\u0131k faiz indirimi karar\u0131n\u0131n ard\u0131ndan kameralar\u0131n kar\u015f\u0131s\u0131na ge\u00e7ti. Powell \u201cSon toplant\u0131dan bu yana \u00e7ok fazla veri geldi ve 50 baz puan indirimin do\u011fru oldu\u011funa karar verdik. \u0130ndirim i\u00e7in sab\u0131rl\u0131 davrand\u0131k,&#8230;<\/p>\n","protected":false},"author":1,"featured_media":80154,"comment_status":"open","ping_status":"open","sticky":false,"template":"","format":"standard","meta":{"footnotes":""},"categories":[2],"tags":[197,44,1131,448,2860],"class_list":["post-80153","post","type-post","status-publish","format-standard","has-post-thumbnail","hentry","category-ekonomi","tag-baskan","tag-enflasyon","tag-faiz","tag-indirim","tag-powell"],"_links":{"self":[{"href":"https:\/\/ekamu.net\/index.php\/wp-json\/wp\/v2\/posts\/80153","targetHints":{"allow":["GET"]}}],"collection":[{"href":"https:\/\/ekamu.net\/index.php\/wp-json\/wp\/v2\/posts"}],"about":[{"href":"https:\/\/ekamu.net\/index.php\/wp-json\/wp\/v2\/types\/post"}],"author":[{"embeddable":true,"href":"https:\/\/ekamu.net\/index.php\/wp-json\/wp\/v2\/users\/1"}],"replies":[{"embeddable":true,"href":"https:\/\/ekamu.net\/index.php\/wp-json\/wp\/v2\/comments?post=80153"}],"version-history":[{"count":1,"href":"https:\/\/ekamu.net\/index.php\/wp-json\/wp\/v2\/posts\/80153\/revisions"}],"predecessor-version":[{"id":80155,"href":"https:\/\/ekamu.net\/index.php\/wp-json\/wp\/v2\/posts\/80153\/revisions\/80155"}],"wp:featuredmedia":[{"embeddable":true,"href":"https:\/\/ekamu.net\/index.php\/wp-json\/wp\/v2\/media\/80154"}],"wp:attachment":[{"href":"https:\/\/ekamu.net\/index.php\/wp-json\/wp\/v2\/media?parent=80153"}],"wp:term":[{"taxonomy":"category","embeddable":true,"href":"https:\/\/ekamu.net\/index.php\/wp-json\/wp\/v2\/categories?post=80153"},{"taxonomy":"post_tag","embeddable":true,"href":"https:\/\/ekamu.net\/index.php\/wp-json\/wp\/v2\/tags?post=80153"}],"curies":[{"name":"wp","href":"https:\/\/api.w.org\/{rel}","templated":true}]}}