{"id":80320,"date":"2024-09-26T23:00:49","date_gmt":"2024-09-26T23:00:49","guid":{"rendered":"https:\/\/ekamu.net\/?p=80320"},"modified":"2024-09-26T23:00:49","modified_gmt":"2024-09-26T23:00:49","slug":"bes-teminatli-kredi-rakamlarina-egmden-ulasilabilecek","status":"publish","type":"post","link":"https:\/\/ekamu.net\/index.php\/2024\/09\/26\/bes-teminatli-kredi-rakamlarina-egmden-ulasilabilecek\/","title":{"rendered":"BES teminatl\u0131 kredi rakamlar\u0131na EGM&#8217;den ula\u015f\u0131labilecek"},"content":{"rendered":"<div>\n<p>Bireysel emeklilik sistemindeki kat\u0131l\u0131mc\u0131lar, acil nakit ihtiyac\u0131 durumunda, BES s\u00f6zle\u015fmelerini sonland\u0131rmadan ve kazan\u0131lm\u0131\u015f haklar\u0131n\u0131 kaybetmeden, hesaplar\u0131ndaki birikimlerini (devlet katk\u0131s\u0131 hari\u00e7) alaca\u011f\u0131n devri yoluyla bankalara devrederek kredi \u00e7ekebiliyor.<\/p>\n<p>EGM, Haziran ay\u0131nda hayata ge\u00e7en uygulamaya ili\u015fkin rakamlar\u0131 internet sitesinde yer alan &#8220;istatistikler&#8221; b\u00f6l\u00fcm\u00fcnde yay\u0131nlamaya ba\u015flad\u0131.<\/p>\n<p>Payla\u015f\u0131lan ba\u015fl\u0131klarda, BES teminatl\u0131 kredilerin k\u00fcm\u00fclatif tutar\u0131, alaca\u011f\u0131n devri yoluyla aktar\u0131lan fonlar\u0131n toplam tutar\u0131n\u0131n kurumlara g\u00f6re da\u011f\u0131l\u0131m\u0131, uygulamadan kapanma nedeniyle \u00e7\u0131kan fon tutar\u0131 gibi konular\u0131n yan\u0131 s\u0131ra emeklilik \u015firketlerinin kredi taleplerini onaylamama nedenleri de yer al\u0131yor.<\/p>\n<\/div>\n<div>\n<p>EGM, yay\u0131nlanan verileri belirli periyotlarla g\u00fcncelleyecek.<\/p>\n<\/div>\n<\/p>\n<p><\/p>\n<p>Kaynak :\u00a0<span style=\"background-color: rgb(255, 249, 236); color: rgb(55, 58, 60); font-size: 14px;\">Bloomberg HT<\/span><\/p>\n<p><span style=\"display: block; width: 343.125px; color: rgb(55, 58, 60); font-size: 14px; background-color: rgb(255, 249, 236);\"><\/span><\/p>\n","protected":false},"excerpt":{"rendered":"<p>Emeklilik G\u00f6zetim Merkezi (EGM), Haziran&#8217;da devreye al\u0131nan ve bireysel emeklilik sistemi (BES) fonlar\u0131n\u0131n teminat g\u00f6sterilerek kredi kullan\u0131m\u0131na imkan sunan uygulamaya ili\u015fkin tutarlar\u0131 internet sitesinde a\u00e7\u0131klamaya ba\u015flad\u0131.<\/p>\n","protected":false},"author":1,"featured_media":80321,"comment_status":"open","ping_status":"open","sticky":false,"template":"","format":"standard","meta":{"footnotes":""},"categories":[2],"tags":[],"class_list":["post-80320","post","type-post","status-publish","format-standard","has-post-thumbnail","hentry","category-ekonomi"],"_links":{"self":[{"href":"https:\/\/ekamu.net\/index.php\/wp-json\/wp\/v2\/posts\/80320","targetHints":{"allow":["GET"]}}],"collection":[{"href":"https:\/\/ekamu.net\/index.php\/wp-json\/wp\/v2\/posts"}],"about":[{"href":"https:\/\/ekamu.net\/index.php\/wp-json\/wp\/v2\/types\/post"}],"author":[{"embeddable":true,"href":"https:\/\/ekamu.net\/index.php\/wp-json\/wp\/v2\/users\/1"}],"replies":[{"embeddable":true,"href":"https:\/\/ekamu.net\/index.php\/wp-json\/wp\/v2\/comments?post=80320"}],"version-history":[{"count":1,"href":"https:\/\/ekamu.net\/index.php\/wp-json\/wp\/v2\/posts\/80320\/revisions"}],"predecessor-version":[{"id":80322,"href":"https:\/\/ekamu.net\/index.php\/wp-json\/wp\/v2\/posts\/80320\/revisions\/80322"}],"wp:featuredmedia":[{"embeddable":true,"href":"https:\/\/ekamu.net\/index.php\/wp-json\/wp\/v2\/media\/80321"}],"wp:attachment":[{"href":"https:\/\/ekamu.net\/index.php\/wp-json\/wp\/v2\/media?parent=80320"}],"wp:term":[{"taxonomy":"category","embeddable":true,"href":"https:\/\/ekamu.net\/index.php\/wp-json\/wp\/v2\/categories?post=80320"},{"taxonomy":"post_tag","embeddable":true,"href":"https:\/\/ekamu.net\/index.php\/wp-json\/wp\/v2\/tags?post=80320"}],"curies":[{"name":"wp","href":"https:\/\/api.w.org\/{rel}","templated":true}]}}