{"id":80529,"date":"2024-09-27T11:24:04","date_gmt":"2024-09-27T11:24:04","guid":{"rendered":"https:\/\/ekamu.net\/?p=80529"},"modified":"2024-09-27T11:24:04","modified_gmt":"2024-09-27T11:24:04","slug":"teknik-direktorumuz-jose-mourinho-union-saint-gilloise-galibiyetini-degerlendirdi","status":"publish","type":"post","link":"https:\/\/ekamu.net\/index.php\/2024\/09\/27\/teknik-direktorumuz-jose-mourinho-union-saint-gilloise-galibiyetini-degerlendirdi\/","title":{"rendered":"Teknik Direkt\u00f6r\u00fcm\u00fcz Jose Mourinho, Union Saint-Gilloise galibiyetini de\u011ferlendirdi"},"content":{"rendered":"<p>Teknik Direkt\u00f6r\u00fcm\u00fcz Jose Mourinho, Fenerbah\u00e7emizin UEFA Avrupa Ligi 1. haftas\u0131nda Bel\u00e7ika temsilcisi Union Saint-Gilloise\u2019\u0131 2-1 ma\u011flup etti\u011fi ma\u00e7\u0131n ard\u0131ndan yay\u0131nc\u0131 kurulu\u015fa konu\u015ftu.<\/p>\n<p>  \u0130lk olarak galibiyeti de\u011ferlendiren Teknik Direkt\u00f6r\u00fcm\u00fcz Jose Mourinho, \u201cBug\u00fcn en \u00f6nemli \u015fey 3 puan almak idi. \u00c7\u00fcnk\u00fc bu yeni formatta ka\u00e7 puan alman\u0131z gerekti\u011fi hesab\u0131n\u0131 yapam\u0131yorsunuz. Dolay\u0131s\u0131yla yapabilece\u011finiz en iyi \u015fey ba\u015fta alabildi\u011finiz kadar puan al\u0131n ki sonra matematik hesab\u0131 yapmak zorunda kalmay\u0131n. Asl\u0131nda ma\u00e7a \u00e7ok iyi ba\u015flayamad\u0131k, sonras\u0131nda kontrol\u00fc ele ald\u0131k. \u0130kinci yar\u0131ya ilk devreye oranla \u00e7ok daha iyi bir ba\u015flang\u0131\u00e7 yapt\u0131k. Pozisyon \u00fcrettik, topu kontrol etmesini bildik, bask\u0131 yapt\u0131k ve top kazand\u0131k. Dolay\u0131s\u0131yla ikinci yar\u0131 oynad\u0131\u011f\u0131m\u0131z oyunu be\u011fendim diyebilirim. Ama 2-0\u2019dan sonra \u015funu s\u00f6ylemeliyim ki futbolda dalga ge\u00e7emezsiniz. \u00c7\u00fcnk\u00fc futbolla dalga ge\u00e7meye ba\u015flad\u0131\u011f\u0131n\u0131z zaman futbol size ihanet edebilir. 2-0 \u00f6ne ge\u00e7mi\u015ftik, 1 ki\u015fi fazlayd\u0131k. Sonuna kadar konsantrasyonumuzu devam ettirmemiz gerekiyordu. \u00c7\u00fcnk\u00fc her tak\u0131m sonuna kadar sava\u015fmaya devam eder, sonu\u00e7 ortada oldu\u011fu m\u00fcddet\u00e7e. Dolay\u0131s\u0131yla biz kendi kendimizi biraz garip bir duruma soktuk. Ma\u00e7 2-1\u2019e geldi, 10\u2019a 10 duruma geldi, son 5 dakikada ama 2-1\u2019den sonra tak\u0131m asl\u0131nda oyunu kontrol edebilecek bir tecr\u00fcbeyi ortaya koymay\u0131 bildi; top kaybetmedi, Edin\u2019i hedef oyuncu olarak belirledik ve ona toplar oynad\u0131k, o da topu tutmay\u0131 becerdi, faul almay\u0131 becerdi. Son 5 dakikada problem ya\u015famad\u0131k ama ya\u015fayabilirdik. Bug\u00fcn tek pi\u015fmanl\u0131\u011f\u0131m, ele\u015ftirim \u015fu; futbolla dalga ge\u00e7meye kalkarsan\u0131z futbol size ihanet edebilir.\u201d dedi.<\/p>\n<p>  Teknik Direkt\u00f6r\u00fcm\u00fcz Jose Mourinho, yay\u0131nc\u0131 kurulu\u015fun yorumcular\u0131ndan Tugay Kerimo\u011flu ile ilgili ise \u015funlar\u0131 s\u00f6yledi:<\/p>\n<p>  \u201cKendisi harika bir oyuncuydu. Yan\u0131lm\u0131yorsam ayn\u0131 zamanlarda \u0130ngiltere\u2019ye gitmi\u015ftik ki kar\u015f\u0131l\u0131kl\u0131 m\u00fccadele etme f\u0131rsat\u0131 bulduk. Tabii zaman u\u00e7up gidiyor. \u015eu an ge\u00e7mi\u015fe oranla ikimizin de daha beyaz sa\u00e7\u0131 var. Orada ger\u00e7ekten tarihe ge\u00e7ti. Kendisini her zaman \u00e7ok iyi bir oyuncu olarak hat\u0131rl\u0131yorum. Ayn\u0131 zamanda iyi bir insan olarak hat\u0131rl\u0131yorum. G\u00f6n\u00fcl verdi\u011fi renklerden ba\u011f\u0131ms\u0131z olarak onu bir g\u00fcn ziyarete davet etmek istiyorum.\u201d <\/p>\n","protected":false},"excerpt":{"rendered":"<p>Teknik Direkt\u00f6r\u00fcm\u00fcz Jose Mourinho, Fenerbah\u00e7emizin UEFA Avrupa Ligi 1. haftas\u0131nda Bel\u00e7ika temsilcisi Union Saint-Gilloise\u2019\u0131 2-1 ma\u011flup etti\u011fi ma\u00e7\u0131n ard\u0131ndan yay\u0131nc\u0131 kurulu\u015fa konu\u015ftu. \u0130lk olarak galibiyeti de\u011ferlendiren Teknik Direkt\u00f6r\u00fcm\u00fcz Jose &#8230;<\/p>\n","protected":false},"author":1,"featured_media":80530,"comment_status":"open","ping_status":"open","sticky":false,"template":"","format":"standard","meta":{"footnotes":""},"categories":[11],"tags":[365,1823,1531],"class_list":["post-80529","post","type-post","status-publish","format-standard","has-post-thumbnail","hentry","category-fenerbahce","tag-futbol","tag-top","tag-zaman"],"_links":{"self":[{"href":"https:\/\/ekamu.net\/index.php\/wp-json\/wp\/v2\/posts\/80529","targetHints":{"allow":["GET"]}}],"collection":[{"href":"https:\/\/ekamu.net\/index.php\/wp-json\/wp\/v2\/posts"}],"about":[{"href":"https:\/\/ekamu.net\/index.php\/wp-json\/wp\/v2\/types\/post"}],"author":[{"embeddable":true,"href":"https:\/\/ekamu.net\/index.php\/wp-json\/wp\/v2\/users\/1"}],"replies":[{"embeddable":true,"href":"https:\/\/ekamu.net\/index.php\/wp-json\/wp\/v2\/comments?post=80529"}],"version-history":[{"count":1,"href":"https:\/\/ekamu.net\/index.php\/wp-json\/wp\/v2\/posts\/80529\/revisions"}],"predecessor-version":[{"id":80531,"href":"https:\/\/ekamu.net\/index.php\/wp-json\/wp\/v2\/posts\/80529\/revisions\/80531"}],"wp:featuredmedia":[{"embeddable":true,"href":"https:\/\/ekamu.net\/index.php\/wp-json\/wp\/v2\/media\/80530"}],"wp:attachment":[{"href":"https:\/\/ekamu.net\/index.php\/wp-json\/wp\/v2\/media?parent=80529"}],"wp:term":[{"taxonomy":"category","embeddable":true,"href":"https:\/\/ekamu.net\/index.php\/wp-json\/wp\/v2\/categories?post=80529"},{"taxonomy":"post_tag","embeddable":true,"href":"https:\/\/ekamu.net\/index.php\/wp-json\/wp\/v2\/tags?post=80529"}],"curies":[{"name":"wp","href":"https:\/\/api.w.org\/{rel}","templated":true}]}}