{"id":80540,"date":"2024-09-27T12:00:11","date_gmt":"2024-09-27T12:00:11","guid":{"rendered":"https:\/\/ekamu.net\/?p=80540"},"modified":"2024-09-27T12:00:11","modified_gmt":"2024-09-27T12:00:11","slug":"futbolcularimiz-union-saint-gilloise-galibiyetinin-ardindan-aciklamalarda-bulundu","status":"publish","type":"post","link":"https:\/\/ekamu.net\/index.php\/2024\/09\/27\/futbolcularimiz-union-saint-gilloise-galibiyetinin-ardindan-aciklamalarda-bulundu\/","title":{"rendered":"Futbolcular\u0131m\u0131z, Union Saint-Gilloise galibiyetinin ard\u0131ndan a\u00e7\u0131klamalarda bulundu"},"content":{"rendered":"<p>Oyuncular\u0131m\u0131z, R. Union Saint-Gilloise\u2019\u0131 2-1 yendi\u011fimiz ma\u00e7\u0131n ard\u0131ndan yay\u0131nc\u0131 kurulu\u015fa a\u00e7\u0131klamalarda bulundu.<\/p>\n<p>  <strong>\u00c7A\u011eLAR S\u00d6Y\u00dcNC\u00dc: B\u0130ZE D\u00dc\u015eEN G\u00d6REV HER ZAMAN TARAFTARIMIZI SEV\u0130ND\u0130RMEK, MUTLU ETMEK<\/strong><\/p>\n<p>  R. Union Saint-Gilloise galibiyetini de\u011ferlendiren ve taraftar\u0131m\u0131za ayr\u0131 bir parantez a\u00e7an \u00c7a\u011flar S\u00f6y\u00fcnc\u00fc, \u201c\u00d6ncelikle buraya gelen taraftarlar\u0131m\u0131za \u00e7ok te\u015fekk\u00fcr ederiz. Zorlu bir hafta sonu ya\u015fatt\u0131k. Bug\u00fcn tek iste\u011fimiz onlara biraz da olsa moral vermekti, bunu da ba\u015fard\u0131\u011f\u0131m\u0131z i\u00e7in mutluyuz. Biraz olsun onlar\u0131 sevindirdik. Onlar bizi hi\u00e7bir zaman yaln\u0131z b\u0131rakm\u0131yorlar. Bize d\u00fc\u015fen g\u00f6rev her zaman taraftar\u0131m\u0131z\u0131 sevindirmek, mutlu etmek. Onun i\u00e7in onlara tekrardan te\u015fekk\u00fcr ederim. Bireysel olarak \u00e7ok fazla yorum yapmayaca\u011f\u0131m \u00e7\u00fcnk\u00fc bir tak\u0131m oyuncusuyuz. Tak\u0131m kazand\u0131ysa hepimiz iyiyizdir, k\u00f6t\u00fc oynad\u0131ysak hepimiz k\u00f6t\u00fc oynam\u0131\u015f\u0131zd\u0131r. Yendi\u011fimiz i\u00e7in \u00e7ok mutluyum. B\u00fct\u00fcn tak\u0131m arkada\u015flar\u0131ma, taraftarlar\u0131m\u0131za te\u015fekk\u00fcr ederim.\u201d dedi.<\/p>\n<p>  Kaydetti\u011fi golden sonraki sevincine dair soruya ise \u015fu \u015fekilde yan\u0131t verdi:<\/p>\n<p>  \u201cGol sevincimi sevgili e\u015fime arma\u011fan ediyorum. Allah nasip ederse bebe\u011fimiz olacak. Ona s\u00f6z vermi\u015ftim, gol atarsam o sevinci yapaca\u011f\u0131m diye. Ona da selamlar olsun.\u201d<\/p>\n<p>  <strong>JAYDEN OOSTERWOLDE: B\u0130ZLER A\u00c7ISINDAN GAL\u0130P GELMEK GER\u00c7EKTEN \u00c7OK \u00d6NEML\u0130YD\u0130<\/strong><\/p>\n<p>  Bel\u00e7ika ekibi kar\u015f\u0131s\u0131nda al\u0131nan 2-1\u2019lik galibiyetin \u00f6nemine de\u011finen Jayden Oosterwolde, \u201cBizler a\u00e7\u0131s\u0131ndan galip gelmek ger\u00e7ekten \u00e7ok \u00f6nemliydi. Bu anlamda Avrupa\u2019ya iyi ba\u015flamak \u00f6nem arz ediyordu. Ligde son oynad\u0131\u011f\u0131m\u0131z ma\u00e7ta alm\u0131\u015f oldu\u011fumuz k\u00f6t\u00fc bir netice vard\u0131. Bug\u00fcn yeniden \u00f6z g\u00fcven kazanma g\u00fcn\u00fcyd\u00fc, yeniden tekrar taraftara bizlerin burada oldu\u011funu g\u00f6sterme g\u00fcn\u00fcyd\u00fc. Bunu da ald\u0131\u011f\u0131m\u0131z galibiyetle yapt\u0131\u011f\u0131m\u0131z\u0131 d\u00fc\u015f\u00fcn\u00fcyorum.\u201d diye konu\u015ftu.<\/p>\n<p>  Ge\u00e7en sezona oranla de\u011fi\u015fen mevkii hakk\u0131nda konu\u015fan Oosterwolde, \u201cGe\u00e7en y\u0131l stoper pozisyonunda oynuyordum, bu y\u0131l sol bek pozisyonunda oynuyorum. Benim i\u00e7in hangi pozisyonda oynad\u0131\u011f\u0131m \u00e7ok \u00f6nemli de\u011fil. Hocam nerede oynamam\u0131 isterse orada oynar\u0131m. Her iki pozisyonda da oynayabiliyorum. Hangi pozisyonda oynad\u0131\u011f\u0131m konusuyla \u00e7ok ilgilenmiyorum. Benim i\u00e7in \u00f6nemli olan oynayabilmek. Dolay\u0131s\u0131yla oynuyor olmak, tak\u0131m\u0131ma katk\u0131 sa\u011fl\u0131yor olmak mutluluk verici.\u201d diyerek s\u00f6zlerini noktalad\u0131.<\/p>\n<p>  <strong>FRED SANTOS: AVRUPA L\u0130G\u0130\u2019NE \u0130Y\u0130 BA\u015eLAMAK B\u0130ZLER A\u00c7ISINDAN G\u00dcZEL<\/strong><\/p>\n<p>  Avrupa Ligi\u2019ne zaferle ba\u015flaman\u0131n \u00f6nemine de\u011finen Fred Santos, \u201c\u00c7ok \u00f6nemli bir galibiyet elde etti\u011fimizi d\u00fc\u015f\u00fcn\u00fcyorum. Avrupa Ligi\u2019ne iyi ba\u015flamak bizler a\u00e7\u0131s\u0131ndan g\u00fczel. Dolay\u0131s\u0131yla tak\u0131m arkada\u015flar\u0131m\u0131 bu anlamda tebrik etmek istiyorum. Sonuna kadar sava\u015ft\u0131k, sonuna kadar m\u00fccadele ettik. Orta sahada adam adama 3-4 oyuncuyla markaj uygulayan bir rakip vard\u0131. Kora kor ikili m\u00fccadeleler ger\u00e7ekle\u015ftirdik ve bu ikili m\u00fccadeleleri kazanmak bizler a\u00e7\u0131s\u0131ndan \u00f6nemliydi. \u00d6zellikle ilk ve ikinci toplar\u0131 kazanabilmek \u00f6nemliydi. Asl\u0131nda ba\u015flarda bu birinci ve ikinci toplar\u0131 kaybetti\u011fimiz d\u00f6nemler oldu ama bu avantaj\u0131 elde ettikten sonra daha aya\u011fa oynamay\u0131 bildik. Sonras\u0131nda da oyunu kontrol ettik ve goller geldi. Sonu\u00e7 olarak galibiyet \u00f6nemli. Bu \u015fekilde devam etmemiz gerekiyor. \u015eimdi dinlenece\u011fiz \u00e7\u00fcnk\u00fc Pazar g\u00fcn\u00fc oynayaca\u011f\u0131m\u0131z bir ma\u00e7 daha var.\u201d \u015feklinde bir a\u00e7\u0131klama yapt\u0131. <\/p>\n","protected":false},"excerpt":{"rendered":"<p>Oyuncular\u0131m\u0131z, R. Union Saint-Gilloise\u2019\u0131 2-1 yendi\u011fimiz ma\u00e7\u0131n ard\u0131ndan yay\u0131nc\u0131 kurulu\u015fa a\u00e7\u0131klamalarda bulundu. \u00c7A\u011eLAR S\u00d6Y\u00dcNC\u00dc: B\u0130ZE D\u00dc\u015eEN G\u00d6REV HER ZAMAN TARAFTARIMIZI SEV\u0130ND\u0130RMEK, MUTLU ETMEK R. Union Saint-Gilloise galibiyetini de\u011ferlendiren &#8230;<\/p>\n","protected":false},"author":1,"featured_media":80541,"comment_status":"open","ping_status":"open","sticky":false,"template":"","format":"standard","meta":{"footnotes":""},"categories":[11],"tags":[3764,4464,1734,364],"class_list":["post-80540","post","type-post","status-publish","format-standard","has-post-thumbnail","hentry","category-fenerbahce","tag-galibiyet","tag-mutlu","tag-onem","tag-takim"],"_links":{"self":[{"href":"https:\/\/ekamu.net\/index.php\/wp-json\/wp\/v2\/posts\/80540","targetHints":{"allow":["GET"]}}],"collection":[{"href":"https:\/\/ekamu.net\/index.php\/wp-json\/wp\/v2\/posts"}],"about":[{"href":"https:\/\/ekamu.net\/index.php\/wp-json\/wp\/v2\/types\/post"}],"author":[{"embeddable":true,"href":"https:\/\/ekamu.net\/index.php\/wp-json\/wp\/v2\/users\/1"}],"replies":[{"embeddable":true,"href":"https:\/\/ekamu.net\/index.php\/wp-json\/wp\/v2\/comments?post=80540"}],"version-history":[{"count":1,"href":"https:\/\/ekamu.net\/index.php\/wp-json\/wp\/v2\/posts\/80540\/revisions"}],"predecessor-version":[{"id":80542,"href":"https:\/\/ekamu.net\/index.php\/wp-json\/wp\/v2\/posts\/80540\/revisions\/80542"}],"wp:featuredmedia":[{"embeddable":true,"href":"https:\/\/ekamu.net\/index.php\/wp-json\/wp\/v2\/media\/80541"}],"wp:attachment":[{"href":"https:\/\/ekamu.net\/index.php\/wp-json\/wp\/v2\/media?parent=80540"}],"wp:term":[{"taxonomy":"category","embeddable":true,"href":"https:\/\/ekamu.net\/index.php\/wp-json\/wp\/v2\/categories?post=80540"},{"taxonomy":"post_tag","embeddable":true,"href":"https:\/\/ekamu.net\/index.php\/wp-json\/wp\/v2\/tags?post=80540"}],"curies":[{"name":"wp","href":"https:\/\/api.w.org\/{rel}","templated":true}]}}