{"id":80829,"date":"2024-09-28T03:12:04","date_gmt":"2024-09-28T03:12:04","guid":{"rendered":"https:\/\/ekamu.net\/?p=80829"},"modified":"2024-09-28T03:12:04","modified_gmt":"2024-09-28T03:12:04","slug":"telegram-en-buyuk-silahi-olan-gizliligi-feda-ediyor-ip-adresleri-kanun-guclerine-verilecek","status":"publish","type":"post","link":"https:\/\/ekamu.net\/index.php\/2024\/09\/28\/telegram-en-buyuk-silahi-olan-gizliligi-feda-ediyor-ip-adresleri-kanun-guclerine-verilecek\/","title":{"rendered":"Telegram en b\u00fcy\u00fck silah\u0131 olan gizlili\u011fi feda ediyor: IP adresleri kanun g\u00fc\u00e7lerine verilecek"},"content":{"rendered":"<p><figure> <span> <img decoding=\"async\" src=\"https:\/\/ekamu.net\/wp-content\/uploads\/2024\/09\/telegram-en-buyuk-silahi-olan-gizliligi-feda-ediyor-ip-adresleri-kanun-guclerine-verilecek-0-2i6gINCb.jpg\"\/> <\/span> Ge\u00e7ti\u011fimiz ay en b\u00fcy\u00fck ileti\u015fim platformlar\u0131ndan Telegram\u2019\u0131n kurucusu Pavel Durov\u2019un Fransa\u2019da g\u00f6z alt\u0131na al\u0131nmas\u0131 teknoloji d\u00fcnyas\u0131na bomba gibi d\u00fc\u015fm\u00fc\u015ft\u00fc. Pavel Durov serbest b\u0131rak\u0131ld\u0131 ancak tavizler vererek. <\/figure>\n<p><b>Telegram devletlerin kontrol\u00fcne mi girecek?<\/b><\/p>\n<p><strong>Telegram<\/strong> platformunun sans\u00fcr konusunda ad\u0131m atmamas\u0131, kara para aklama ve doland\u0131r\u0131c\u0131l\u0131k gibi konularda \u00f6nlem almamas\u0131 devlet kurumlar\u0131n\u0131n en b\u00fcy\u00fck ele\u015ftirileri aras\u0131nda yer al\u0131yordu. Fransa kritik bir hamle yaparak Pavel Durov\u2019u k\u00f6\u015feye s\u0131k\u0131\u015ft\u0131rd\u0131.<\/p>\n<p>\u00d6nce Pavel Durov\u2019un Telegram\u2019da \u00f6zel sohbetlere moderasyon getirme talebini kabul etti\u011fi g\u00fcndeme gelmi\u015fti. \u015eimdi ise kanun g\u00fc\u00e7lerine kullan\u0131c\u0131lar\u0131n IP adreslerinin ve telefon numaralar\u0131n\u0131n verilece\u011fi a\u00e7\u0131kland\u0131.<\/p>\n<p>Ayr\u0131ca arama sonu\u00e7lar\u0131nda problemli i\u00e7erikler de kald\u0131r\u0131lacak. Yine Durov kullan\u0131c\u0131lardan g\u00fcvensiz ve kanun d\u0131\u015f\u0131 i\u00e7eriklerin moderasyon ekibine derhal bildirmesini talep etti. B\u00f6ylece Telegram art\u0131k a\u011f\u0131r bir kontrol\u00fcn de alt\u0131na girmi\u015f oluyor. Di\u011fer taraftan kullan\u0131c\u0131lar\u0131n u\u00e7tan uca \u015fifrelenmi\u015f mesajlar\u0131n\u0131n kesinlikle kanun g\u00fc\u00e7lerine verilmeyece\u011fi ifade edilmi\u015f.<\/p>\n\n<p><span style=\"display: block; width: 343.125px; color: rgb(55, 58, 60); font-size: 14px; background-color: rgb(255, 249, 236);\"><\/span><\/p>\n<p>Kaynak :\u00a0<span style=\"background-color: rgb(255, 249, 236); color: rgb(55, 58, 60); font-size: 14px;\">https:\/\/www.donanimhaber.com\/telegram-da-bir-donem-sona-eriyor&#8211;182293<\/span><\/p>\n","protected":false},"excerpt":{"rendered":"<p>Ge\u00e7ti\u011fimiz ay en b\u00fcy\u00fck ileti\u015fim platformlar\u0131ndan Telegram\u2019\u0131n kurucusu Pavel Durov\u2019un Fransa\u2019da g\u00f6z alt\u0131na al\u0131nmas\u0131 teknoloji d\u00fcnyas\u0131na bomba gibi d\u00fc\u015fm\u00fc\u015ft\u00fc. Pavel Durov serbest b\u0131rak\u0131ld\u0131 ancak tavizler vererek. Telegram devletlerin kontrol\u00fcne mi &#8230;<\/p>\n","protected":false},"author":1,"featured_media":80830,"comment_status":"open","ping_status":"open","sticky":false,"template":"","format":"standard","meta":{"footnotes":""},"categories":[8],"tags":[4136,172],"class_list":["post-80829","post","type-post","status-publish","format-standard","has-post-thumbnail","hentry","category-teknoloji","tag-durov","tag-telegram"],"_links":{"self":[{"href":"https:\/\/ekamu.net\/index.php\/wp-json\/wp\/v2\/posts\/80829","targetHints":{"allow":["GET"]}}],"collection":[{"href":"https:\/\/ekamu.net\/index.php\/wp-json\/wp\/v2\/posts"}],"about":[{"href":"https:\/\/ekamu.net\/index.php\/wp-json\/wp\/v2\/types\/post"}],"author":[{"embeddable":true,"href":"https:\/\/ekamu.net\/index.php\/wp-json\/wp\/v2\/users\/1"}],"replies":[{"embeddable":true,"href":"https:\/\/ekamu.net\/index.php\/wp-json\/wp\/v2\/comments?post=80829"}],"version-history":[{"count":1,"href":"https:\/\/ekamu.net\/index.php\/wp-json\/wp\/v2\/posts\/80829\/revisions"}],"predecessor-version":[{"id":80832,"href":"https:\/\/ekamu.net\/index.php\/wp-json\/wp\/v2\/posts\/80829\/revisions\/80832"}],"wp:featuredmedia":[{"embeddable":true,"href":"https:\/\/ekamu.net\/index.php\/wp-json\/wp\/v2\/media\/80830"}],"wp:attachment":[{"href":"https:\/\/ekamu.net\/index.php\/wp-json\/wp\/v2\/media?parent=80829"}],"wp:term":[{"taxonomy":"category","embeddable":true,"href":"https:\/\/ekamu.net\/index.php\/wp-json\/wp\/v2\/categories?post=80829"},{"taxonomy":"post_tag","embeddable":true,"href":"https:\/\/ekamu.net\/index.php\/wp-json\/wp\/v2\/tags?post=80829"}],"curies":[{"name":"wp","href":"https:\/\/api.w.org\/{rel}","templated":true}]}}