{"id":81018,"date":"2024-09-28T13:00:07","date_gmt":"2024-09-28T13:00:07","guid":{"rendered":"https:\/\/ekamu.net\/?p=81018"},"modified":"2024-09-28T13:00:07","modified_gmt":"2024-09-28T13:00:07","slug":"bm-gelecegin-zirvesinde-gelecek-pakti-kabul-edildi","status":"publish","type":"post","link":"https:\/\/ekamu.net\/index.php\/2024\/09\/28\/bm-gelecegin-zirvesinde-gelecek-pakti-kabul-edildi\/","title":{"rendered":"BM Gelece\u011fin Zirvesi&#8217;nde &#8220;Gelecek Pakt\u0131&#8221; kabul edildi"},"content":{"rendered":"<div>\n<p>BM Genel Kurul ba\u015flang\u0131c\u0131n\u0131n hemen \u00f6ncesinde, yakla\u015f\u0131k 130 devlet ve h\u00fck\u00fcmet ba\u015fkan\u0131n\u0131n kat\u0131lmas\u0131 beklenen BM Gelece\u011fin Zirvesi ba\u015flad\u0131.<\/p>\n<p>Zirvenin a\u00e7\u0131l\u0131\u015f\u0131nda konu\u015fma yapan BM Genel Sekreteri Antonio Guterres, k\u00fcresel sorunlarla ilgili bir d\u00f6n\u00fcm noktas\u0131nda olduklar\u0131n\u0131 ve ortak bir iradeyle \u00e7\u00f6z\u00fcm y\u00f6n\u00fcnde somut ad\u0131mlar atmalar\u0131 gerekti\u011fini kaydetti.<\/p>\n<p>Gelece\u011fin Zirvesi&#8217;ni ve bu kapsamda g\u00fcndeme gelen Gelecek Pakt\u0131&#8217;n\u0131 \u00e7ok \u00f6nemsedi\u011fini aktaran Guterres, k\u00fcresel sorunlarla birlikte her zaman bir umut bulundu\u011funu ve \u00fcye \u00fclkelerin iradesiyle birlikte bu umudu canl\u0131 tutacaklar\u0131n\u0131 belirtti.<\/p>\n<\/div>\n<div>\n<p>Guterres, &#8220;Gelece\u011fin Zirvesi bize az \u00f6nce kabul edilen bir pakt ortaya \u00e7\u0131kard\u0131. Bu pakt sadece acil krizlere \u00e7\u00f6z\u00fcm bulma vaadimizi de\u011fil, ayn\u0131 zamanda s\u00fcrd\u00fcr\u00fclebilir, adil ve bar\u0131\u015f\u00e7\u0131l bir k\u00fcresel d\u00fczen i\u00e7in temel atma vaadimizi de temsil ediyor&#8221; dedi.<\/p>\n<p>BM Genel Sekreteri, Gelecek Pakt\u0131&#8217;n\u0131n \u00f6zellikle uluslararas\u0131 bar\u0131\u015f, g\u00fcvenlik ve s\u00fcrd\u00fcr\u00fclebilir kalk\u0131nma gibi t\u00fcm d\u00fcnyay\u0131 ilgilendiren ba\u015fl\u0131klarda \u00f6nemli bir ara\u00e7 olaca\u011f\u0131na inand\u0131\u011f\u0131n\u0131 s\u00f6yledi.<\/p>\n<p><b>Gelecek Pakt\u0131<\/b><\/p>\n<p>Oturumun ba\u015flang\u0131c\u0131nda, 193 \u00fclkenin \u00e7\u0131kar ve isteklerini bir araya getirmeye \u00e7al\u0131\u015fan Gelecek Pakt\u0131 anla\u015fmas\u0131 oylamaya sunuldu. &#8220;S\u00fcrd\u00fcr\u00fclebilir kalk\u0131nma ve kalk\u0131nma finansman\u0131, uluslararas\u0131 bar\u0131\u015f ve g\u00fcvenlik, bilim, teknoloji ve dijital i\u015fbirli\u011fi, gen\u00e7ler ve gelecek nesiller ile k\u00fcresel y\u00f6neti\u015fimin d\u00f6n\u00fc\u015ft\u00fcr\u00fclmesi&#8221; gibi ba\u015fl\u0131klar\u0131 kapsayan anla\u015fma, 143 evet oyuyla kabul edildi.<\/p>\n<p>M\u00fczakerelere dahil olan temsilciler, \u00fcye \u00fclkelerin \u00f6zellikle silahs\u0131zlanma, BM G\u00fcvenlik Konseyi reformu ve mali kurulu\u015flar\u0131n yap\u0131land\u0131r\u0131lmas\u0131na ili\u015fkin b\u00f6l\u00fcmlerde anla\u015fma sa\u011flayamad\u0131\u011f\u0131na i\u015faret ediyor.<\/p>\n<p><b>Zirveye T\u00fcrkiye de kat\u0131l\u0131yor<\/b><\/p>\n<p>T\u00fcrkiye&#8217;nin de kat\u0131ld\u0131\u011f\u0131 BM Gelece\u011fin Zirvesi&#8217;nde ba\u015fta BM olmak \u00fczere uluslararas\u0131 kurum ve kurulu\u015flar\u0131n k\u00fcresel sorunlar\u0131n \u00e7\u00f6z\u00fcm\u00fcnde oynamas\u0131 gereken rollere ili\u015fkin Ankara&#8217;n\u0131n pozisyonunun bir kez daha ortaya konmas\u0131 bekleniyor.<\/p>\n<p>D\u0131\u015fi\u015fleri Bakan\u0131 Hakan Fidan&#8217;\u0131n bug\u00fcn zirve kapsam\u0131nda d\u00fczenlenen diyalog toplant\u0131s\u0131na kat\u0131larak ba\u015fta Gazze&#8217;deki insani kriz olmak \u00fczere k\u00fcresel sorunlara y\u00f6nelik bir konu\u015fma yapmas\u0131 bekleniyor.<\/p>\n<\/div>\n<p><\/p>\n<p>Kaynak :\u00a0<span style=\"background-color: rgb(255, 249, 236); color: rgb(55, 58, 60); font-size: 14px;\">Bloomberg HT<\/span><\/p>\n<p><span style=\"display: block; width: 343.125px; color: rgb(55, 58, 60); font-size: 14px; background-color: rgb(255, 249, 236);\"><\/span><\/p>\n","protected":false},"excerpt":{"rendered":"<p>Uluslararas\u0131 kurulu\u015flar\u0131n yenilenmesi y\u00f6n\u00fcndeki \u00e7abalar\u0131n ana g\u00fcndem oldu\u011fu Birle\u015fmi\u015f Milletler (BM) Gelece\u011fin Zirvesi&#8217;nin New York&#8217;taki a\u00e7\u0131l\u0131\u015f\u0131nda 193 \u00fclkenin \u00e7\u0131kar ve isteklerini bir araya getirmeye \u00e7al\u0131\u015fan &#8220;Gelecek Pakt\u0131&#8221; kabul edildi.<\/p>\n","protected":false},"author":1,"featured_media":81019,"comment_status":"open","ping_status":"open","sticky":false,"template":"","format":"standard","meta":{"footnotes":""},"categories":[2],"tags":[4260,1165,4357],"class_list":["post-81018","post","type-post","status-publish","format-standard","has-post-thumbnail","hentry","category-ekonomi","tag-gelecek","tag-kuresel","tag-zirve"],"_links":{"self":[{"href":"https:\/\/ekamu.net\/index.php\/wp-json\/wp\/v2\/posts\/81018","targetHints":{"allow":["GET"]}}],"collection":[{"href":"https:\/\/ekamu.net\/index.php\/wp-json\/wp\/v2\/posts"}],"about":[{"href":"https:\/\/ekamu.net\/index.php\/wp-json\/wp\/v2\/types\/post"}],"author":[{"embeddable":true,"href":"https:\/\/ekamu.net\/index.php\/wp-json\/wp\/v2\/users\/1"}],"replies":[{"embeddable":true,"href":"https:\/\/ekamu.net\/index.php\/wp-json\/wp\/v2\/comments?post=81018"}],"version-history":[{"count":1,"href":"https:\/\/ekamu.net\/index.php\/wp-json\/wp\/v2\/posts\/81018\/revisions"}],"predecessor-version":[{"id":81020,"href":"https:\/\/ekamu.net\/index.php\/wp-json\/wp\/v2\/posts\/81018\/revisions\/81020"}],"wp:featuredmedia":[{"embeddable":true,"href":"https:\/\/ekamu.net\/index.php\/wp-json\/wp\/v2\/media\/81019"}],"wp:attachment":[{"href":"https:\/\/ekamu.net\/index.php\/wp-json\/wp\/v2\/media?parent=81018"}],"wp:term":[{"taxonomy":"category","embeddable":true,"href":"https:\/\/ekamu.net\/index.php\/wp-json\/wp\/v2\/categories?post=81018"},{"taxonomy":"post_tag","embeddable":true,"href":"https:\/\/ekamu.net\/index.php\/wp-json\/wp\/v2\/tags?post=81018"}],"curies":[{"name":"wp","href":"https:\/\/api.w.org\/{rel}","templated":true}]}}