{"id":81336,"date":"2024-09-29T04:12:10","date_gmt":"2024-09-29T04:12:10","guid":{"rendered":"https:\/\/ekamu.net\/?p=81336"},"modified":"2024-09-29T04:12:10","modified_gmt":"2024-09-29T04:12:10","slug":"antalyaspor-maci-hazirliklari-tamamlandi","status":"publish","type":"post","link":"https:\/\/ekamu.net\/index.php\/2024\/09\/29\/antalyaspor-maci-hazirliklari-tamamlandi\/","title":{"rendered":"Antalyaspor ma\u00e7\u0131 haz\u0131rl\u0131klar\u0131 tamamland\u0131"},"content":{"rendered":"<p>Fenerbah\u00e7emiz, yar\u0131n ak\u015fam deplasmanda Antalyaspor ile oynayaca\u011f\u0131 lig ma\u00e7\u0131n\u0131n haz\u0131rl\u0131klar\u0131n\u0131 sabah saatlerinde yapt\u0131\u011f\u0131 antrenmanla tamamlad\u0131.<\/p>\n<p>  Teknik Direkt\u00f6r\u00fcm\u00fcz Jose Mourinho y\u00f6netiminde Fenerbah\u00e7e Can Bartu Tesisleri\u2019nde ger\u00e7ekle\u015ftirilen idman \u0131s\u0131nma ve \u00e7abukluk hareketlerinin pas \u00e7al\u0131\u015fmalar\u0131 ile devam etti. Antrenman, taktiksel ve bireysel \u00e7al\u0131\u015fmalarla da noktaland\u0131.<\/p>\n<p>  Bu antrenmanla ma\u00e7 haz\u0131rl\u0131klar\u0131n\u0131 tamamlayan kafilemiz, g\u00fcn i\u00e7inde Antalya\u2019ya gidecek.<\/p>\n<p><b>Bas\u0131n Foto\u011fraflar\u0131<\/b><\/p>\n<div>\n<figure> <img decoding=\"async\" src=\"https:\/\/ekamu.net\/wp-content\/uploads\/2024\/09\/antalyaspor-maci-hazirliklari-tamamlandi-0-gs1aEHmg.jpg\"\/> <\/figure>\n<figure> <img decoding=\"async\" src=\"https:\/\/ekamu.net\/wp-content\/uploads\/2024\/09\/antalyaspor-maci-hazirliklari-tamamlandi-1-XUbATFFx.jpg\"\/> <\/figure>\n<figure> <img decoding=\"async\" src=\"https:\/\/ekamu.net\/wp-content\/uploads\/2024\/09\/antalyaspor-maci-hazirliklari-tamamlandi-2-8i7cDEH2.jpg\"\/> <\/figure>\n<figure> <img decoding=\"async\" src=\"https:\/\/ekamu.net\/wp-content\/uploads\/2024\/09\/antalyaspor-maci-hazirliklari-tamamlandi-3-mHiuzVC3.jpg\"\/> <\/figure>\n<figure> <img decoding=\"async\" src=\"https:\/\/ekamu.net\/wp-content\/uploads\/2024\/09\/antalyaspor-maci-hazirliklari-tamamlandi-4-mdPxubEc.jpg\"\/> <\/figure>\n<figure> <img decoding=\"async\" src=\"https:\/\/ekamu.net\/wp-content\/uploads\/2024\/09\/antalyaspor-maci-hazirliklari-tamamlandi-5-5qZKQcAI.jpg\"\/> <\/figure>\n<figure> <img decoding=\"async\" src=\"https:\/\/ekamu.net\/wp-content\/uploads\/2024\/09\/antalyaspor-maci-hazirliklari-tamamlandi-6-wHQcTTpE.jpg\"\/> <\/figure>\n<figure> <img decoding=\"async\" src=\"https:\/\/ekamu.net\/wp-content\/uploads\/2024\/09\/antalyaspor-maci-hazirliklari-tamamlandi-7-lFE8yVvg.jpg\"\/> <\/figure>\n<figure> <img decoding=\"async\" src=\"https:\/\/ekamu.net\/wp-content\/uploads\/2024\/09\/antalyaspor-maci-hazirliklari-tamamlandi-8-zqeVaCaS.jpg\"\/> <\/figure>\n<figure> <img decoding=\"async\" src=\"https:\/\/ekamu.net\/wp-content\/uploads\/2024\/09\/antalyaspor-maci-hazirliklari-tamamlandi-9-56sYpggZ.jpg\"\/> <\/figure>\n<figure> <img decoding=\"async\" src=\"https:\/\/ekamu.net\/wp-content\/uploads\/2024\/09\/antalyaspor-maci-hazirliklari-tamamlandi-10-aAra1wHh.jpg\"\/> <\/figure>\n<figure> <img decoding=\"async\" src=\"https:\/\/ekamu.net\/wp-content\/uploads\/2024\/09\/antalyaspor-maci-hazirliklari-tamamlandi-11-kmVFSOjm.jpg\"\/> <\/figure>\n<figure> <img decoding=\"async\" src=\"https:\/\/ekamu.net\/wp-content\/uploads\/2024\/09\/antalyaspor-maci-hazirliklari-tamamlandi-12-ZyqWEit1.jpg\"\/> <\/figure>\n<figure> <img decoding=\"async\" src=\"https:\/\/ekamu.net\/wp-content\/uploads\/2024\/09\/antalyaspor-maci-hazirliklari-tamamlandi-13-NgfQWHB8.jpg\"\/> <\/figure>\n<\/p><\/div>\n<\/p>","protected":false},"excerpt":{"rendered":"<p>Fenerbah\u00e7emiz, yar\u0131n ak\u015fam deplasmanda Antalyaspor ile oynayaca\u011f\u0131 lig ma\u00e7\u0131n\u0131n haz\u0131rl\u0131klar\u0131n\u0131 sabah saatlerinde yapt\u0131\u011f\u0131 antrenmanla tamamlad\u0131. Teknik Direkt\u00f6r\u00fcm\u00fcz Jose Mourinho y\u00f6netiminde Fenerbah\u00e7e Can Bartu Tesisleri\u2019nde ger\u00e7ekle\u015ftirilen idman &#8230;<\/p>\n","protected":false},"author":1,"featured_media":81337,"comment_status":"open","ping_status":"open","sticky":false,"template":"","format":"standard","meta":{"footnotes":""},"categories":[11],"tags":[],"class_list":["post-81336","post","type-post","status-publish","format-standard","has-post-thumbnail","hentry","category-fenerbahce"],"_links":{"self":[{"href":"https:\/\/ekamu.net\/index.php\/wp-json\/wp\/v2\/posts\/81336","targetHints":{"allow":["GET"]}}],"collection":[{"href":"https:\/\/ekamu.net\/index.php\/wp-json\/wp\/v2\/posts"}],"about":[{"href":"https:\/\/ekamu.net\/index.php\/wp-json\/wp\/v2\/types\/post"}],"author":[{"embeddable":true,"href":"https:\/\/ekamu.net\/index.php\/wp-json\/wp\/v2\/users\/1"}],"replies":[{"embeddable":true,"href":"https:\/\/ekamu.net\/index.php\/wp-json\/wp\/v2\/comments?post=81336"}],"version-history":[{"count":1,"href":"https:\/\/ekamu.net\/index.php\/wp-json\/wp\/v2\/posts\/81336\/revisions"}],"predecessor-version":[{"id":81352,"href":"https:\/\/ekamu.net\/index.php\/wp-json\/wp\/v2\/posts\/81336\/revisions\/81352"}],"wp:featuredmedia":[{"embeddable":true,"href":"https:\/\/ekamu.net\/index.php\/wp-json\/wp\/v2\/media\/81337"}],"wp:attachment":[{"href":"https:\/\/ekamu.net\/index.php\/wp-json\/wp\/v2\/media?parent=81336"}],"wp:term":[{"taxonomy":"category","embeddable":true,"href":"https:\/\/ekamu.net\/index.php\/wp-json\/wp\/v2\/categories?post=81336"},{"taxonomy":"post_tag","embeddable":true,"href":"https:\/\/ekamu.net\/index.php\/wp-json\/wp\/v2\/tags?post=81336"}],"curies":[{"name":"wp","href":"https:\/\/api.w.org\/{rel}","templated":true}]}}