{"id":81361,"date":"2024-09-29T04:48:05","date_gmt":"2024-09-29T04:48:05","guid":{"rendered":"https:\/\/ekamu.net\/?p=81361"},"modified":"2024-09-29T04:48:05","modified_gmt":"2024-09-29T04:48:05","slug":"fenerbahcemizin-antalyaspor-maci-kamp-kadrosu","status":"publish","type":"post","link":"https:\/\/ekamu.net\/index.php\/2024\/09\/29\/fenerbahcemizin-antalyaspor-maci-kamp-kadrosu\/","title":{"rendered":"Fenerbah\u00e7emizin, Antalyaspor ma\u00e7\u0131 kamp kadrosu"},"content":{"rendered":"<p>Fenerbah\u00e7emiz, Trendyol S\u00fcper Lig\u2019in 7. haftas\u0131nda deplasmanda Antalyaspor ile kar\u015f\u0131la\u015facak.<\/p>\n<p>  Haz\u0131rl\u0131klar\u0131n\u0131 tamamlayarak Antalya\u2019ya hareket eden Futbol A Tak\u0131m\u0131m\u0131z\u0131n 23 ki\u015filik kamp kadrosu \u015fu isimlerden olu\u015fuyor:<\/p>\n<p>  <strong>Dominik Livakovic, Osman Ertu\u011frul \u00c7etin, \u00d6mer Bircan Camc\u0131, Mert M\u00fcld\u00fcr, \u00c7a\u011flar S\u00f6y\u00fcnc\u00fc, Rodrigo Becao, Alexander Djiku, Jayden Oosterwolde, Levent Mercan, \u0130smail Y\u00fcksek, Sofyan Amrabat, Fred Santos, Sebastian Szymanski, Mert Hakan Yanda\u015f, Cengiz \u00dcnder, \u0130rfan Can Kahveci, O\u011fuz Ayd\u0131n, Filip Kostic, Dusan Tadic, Allan Saint-Maximin, Edin Dzeko, Youssef En-Nesyri, Cenk Tosun.<\/strong>  <\/p>\n","protected":false},"excerpt":{"rendered":"<p>Fenerbah\u00e7emiz, Trendyol S\u00fcper Lig\u2019in 7. haftas\u0131nda deplasmanda Antalyaspor ile kar\u015f\u0131la\u015facak. Haz\u0131rl\u0131klar\u0131n\u0131 tamamlayarak Antalya\u2019ya hareket eden Futbol A Tak\u0131m\u0131m\u0131z\u0131n 23 ki\u015filik kamp kadrosu \u015fu isimlerden olu\u015fuyor: Dominik Livakovic, Osman &#8230;<\/p>\n","protected":false},"author":1,"featured_media":81362,"comment_status":"open","ping_status":"open","sticky":false,"template":"","format":"standard","meta":{"footnotes":""},"categories":[11],"tags":[],"class_list":["post-81361","post","type-post","status-publish","format-standard","has-post-thumbnail","hentry","category-fenerbahce"],"_links":{"self":[{"href":"https:\/\/ekamu.net\/index.php\/wp-json\/wp\/v2\/posts\/81361","targetHints":{"allow":["GET"]}}],"collection":[{"href":"https:\/\/ekamu.net\/index.php\/wp-json\/wp\/v2\/posts"}],"about":[{"href":"https:\/\/ekamu.net\/index.php\/wp-json\/wp\/v2\/types\/post"}],"author":[{"embeddable":true,"href":"https:\/\/ekamu.net\/index.php\/wp-json\/wp\/v2\/users\/1"}],"replies":[{"embeddable":true,"href":"https:\/\/ekamu.net\/index.php\/wp-json\/wp\/v2\/comments?post=81361"}],"version-history":[{"count":1,"href":"https:\/\/ekamu.net\/index.php\/wp-json\/wp\/v2\/posts\/81361\/revisions"}],"predecessor-version":[{"id":81363,"href":"https:\/\/ekamu.net\/index.php\/wp-json\/wp\/v2\/posts\/81361\/revisions\/81363"}],"wp:featuredmedia":[{"embeddable":true,"href":"https:\/\/ekamu.net\/index.php\/wp-json\/wp\/v2\/media\/81362"}],"wp:attachment":[{"href":"https:\/\/ekamu.net\/index.php\/wp-json\/wp\/v2\/media?parent=81361"}],"wp:term":[{"taxonomy":"category","embeddable":true,"href":"https:\/\/ekamu.net\/index.php\/wp-json\/wp\/v2\/categories?post=81361"},{"taxonomy":"post_tag","embeddable":true,"href":"https:\/\/ekamu.net\/index.php\/wp-json\/wp\/v2\/tags?post=81361"}],"curies":[{"name":"wp","href":"https:\/\/api.w.org\/{rel}","templated":true}]}}