{"id":81425,"date":"2024-09-29T08:24:09","date_gmt":"2024-09-29T08:24:09","guid":{"rendered":"https:\/\/ekamu.net\/?p=81425"},"modified":"2024-09-29T08:24:09","modified_gmt":"2024-09-29T08:24:09","slug":"futbol-a-takimimiz-antalyada","status":"publish","type":"post","link":"https:\/\/ekamu.net\/index.php\/2024\/09\/29\/futbol-a-takimimiz-antalyada\/","title":{"rendered":"Futbol A Tak\u0131m\u0131m\u0131z Antalya\u2019da"},"content":{"rendered":"<p><p>Trendyol S\u00fcper Lig\u2019in 7. haftas\u0131nda yar\u0131n ak\u015fam deplasmanda Antalyaspor ile kar\u015f\u0131la\u015facak olan Fenerbah\u00e7emiz, Antalya\u2019ya gitti.<\/p>\n<p>  Haz\u0131rl\u0131klar\u0131n\u0131 tamamlayan ekibimiz, Sabiha G\u00f6k\u00e7en Havaliman\u0131\u2019ndan kalkan \u00f6zel u\u00e7akla Antalya\u2019ya hareket etti. Yakla\u015f\u0131k 1.5 saatlik hava yolculu\u011funun ard\u0131ndan Antalya\u2019ya ula\u015fan Fenerbah\u00e7emiz, buradan kamp yapaca\u011f\u0131 otele ge\u00e7ti.<\/p>\n<p>  Kafilede Genel Sekreterimiz Burak \u00c7a\u011flan K\u0131z\u0131lhan, Y\u00f6netim Kurulu \u00dcyelerimizden Fethi Pekin, Hulusi Belg\u00fc, Alper Alpo\u011flu ve Cenk \u00d6ztan\u0131k yer ald\u0131.<\/p>\n<p>  Futbol A Tak\u0131m\u0131m\u0131z\u0131n 23 ki\u015filik kamp kadrosu \u015fu isimlerden olu\u015fuyor:<\/p>\n<p>  <strong><em>Dominik Livakovic, Osman Ertu\u011frul \u00c7etin, \u00d6mer Bircan Camc\u0131, Mert M\u00fcld\u00fcr, \u00c7a\u011flar S\u00f6y\u00fcnc\u00fc, Rodrigo Becao, Alexander Djiku, Jayden Oosterwolde, Levent Mercan, \u0130smail Y\u00fcksek, Sofyan Amrabat, Fred Santos, Sebastian Szymanski, Mert Hakan Yanda\u015f, Cengiz \u00dcnder, \u0130rfan Can Kahveci, O\u011fuz Ayd\u0131n, Filip Kostic, Dusan Tadic, Allan Saint-Maximin, Edin Dzeko, Youssef En-Nesyri, Cenk Tosun.<\/em><\/strong> <\/p>\n\n<p><b>Bas\u0131n Foto\u011fraflar\u0131<\/b><\/p>\n<div>\n<figure> <img decoding=\"async\" src=\"https:\/\/ekamu.net\/wp-content\/uploads\/2024\/09\/futbol-a-takimimiz-antalyada-0-PMztADq2.jpg\"\/> <\/figure>\n<figure> <img decoding=\"async\" src=\"https:\/\/ekamu.net\/wp-content\/uploads\/2024\/09\/futbol-a-takimimiz-antalyada-1-cqWJBurE.jpg\"\/> <\/figure>\n<figure> <img decoding=\"async\" src=\"https:\/\/ekamu.net\/wp-content\/uploads\/2024\/09\/futbol-a-takimimiz-antalyada-2-nKfOwwrL.jpg\"\/> <\/figure>\n<figure> <img decoding=\"async\" src=\"https:\/\/ekamu.net\/wp-content\/uploads\/2024\/09\/futbol-a-takimimiz-antalyada-3-xCFvWJWV.jpg\"\/> <\/figure>\n<figure> <img decoding=\"async\" src=\"https:\/\/ekamu.net\/wp-content\/uploads\/2024\/09\/futbol-a-takimimiz-antalyada-4-UmN4Ej6y.jpg\"\/> <\/figure>\n<figure> <img decoding=\"async\" src=\"https:\/\/ekamu.net\/wp-content\/uploads\/2024\/09\/futbol-a-takimimiz-antalyada-5-yO37xC4b.jpg\"\/> <\/figure>\n<figure> <img decoding=\"async\" src=\"https:\/\/ekamu.net\/wp-content\/uploads\/2024\/09\/futbol-a-takimimiz-antalyada-6-DVwJ5JLV.jpg\"\/> <\/figure>\n<figure> <img decoding=\"async\" src=\"https:\/\/ekamu.net\/wp-content\/uploads\/2024\/09\/futbol-a-takimimiz-antalyada-7-Y7N5TZCX.jpg\"\/> <\/figure>\n<figure> <img decoding=\"async\" src=\"https:\/\/ekamu.net\/wp-content\/uploads\/2024\/09\/futbol-a-takimimiz-antalyada-8-XdglEQB6.jpg\"\/> <\/figure>\n<figure> <img decoding=\"async\" src=\"https:\/\/ekamu.net\/wp-content\/uploads\/2024\/09\/futbol-a-takimimiz-antalyada-9-KjjM1MYm.jpg\"\/> <\/figure>\n<figure> <img decoding=\"async\" src=\"https:\/\/ekamu.net\/wp-content\/uploads\/2024\/09\/futbol-a-takimimiz-antalyada-10-HBtEW33Q.jpg\"\/> <\/figure>\n<\/p><\/div>\n<\/p>","protected":false},"excerpt":{"rendered":"<p>Trendyol S\u00fcper Lig\u2019in 7. haftas\u0131nda yar\u0131n ak\u015fam deplasmanda Antalyaspor ile kar\u015f\u0131la\u015facak olan Fenerbah\u00e7emiz, Antalya\u2019ya gitti. Haz\u0131rl\u0131klar\u0131n\u0131 tamamlayan ekibimiz, Sabiha G\u00f6k\u00e7en Havaliman\u0131\u2019ndan kalkan \u00f6zel u\u00e7akla Antalya\u2019ya hareket etti. Yakla\u015f\u0131k 1 &#8230;<\/p>\n","protected":false},"author":1,"featured_media":81426,"comment_status":"open","ping_status":"open","sticky":false,"template":"","format":"standard","meta":{"footnotes":""},"categories":[11],"tags":[],"class_list":["post-81425","post","type-post","status-publish","format-standard","has-post-thumbnail","hentry","category-fenerbahce"],"_links":{"self":[{"href":"https:\/\/ekamu.net\/index.php\/wp-json\/wp\/v2\/posts\/81425","targetHints":{"allow":["GET"]}}],"collection":[{"href":"https:\/\/ekamu.net\/index.php\/wp-json\/wp\/v2\/posts"}],"about":[{"href":"https:\/\/ekamu.net\/index.php\/wp-json\/wp\/v2\/types\/post"}],"author":[{"embeddable":true,"href":"https:\/\/ekamu.net\/index.php\/wp-json\/wp\/v2\/users\/1"}],"replies":[{"embeddable":true,"href":"https:\/\/ekamu.net\/index.php\/wp-json\/wp\/v2\/comments?post=81425"}],"version-history":[{"count":1,"href":"https:\/\/ekamu.net\/index.php\/wp-json\/wp\/v2\/posts\/81425\/revisions"}],"predecessor-version":[{"id":81438,"href":"https:\/\/ekamu.net\/index.php\/wp-json\/wp\/v2\/posts\/81425\/revisions\/81438"}],"wp:featuredmedia":[{"embeddable":true,"href":"https:\/\/ekamu.net\/index.php\/wp-json\/wp\/v2\/media\/81426"}],"wp:attachment":[{"href":"https:\/\/ekamu.net\/index.php\/wp-json\/wp\/v2\/media?parent=81425"}],"wp:term":[{"taxonomy":"category","embeddable":true,"href":"https:\/\/ekamu.net\/index.php\/wp-json\/wp\/v2\/categories?post=81425"},{"taxonomy":"post_tag","embeddable":true,"href":"https:\/\/ekamu.net\/index.php\/wp-json\/wp\/v2\/tags?post=81425"}],"curies":[{"name":"wp","href":"https:\/\/api.w.org\/{rel}","templated":true}]}}