{"id":81836,"date":"2024-09-30T04:24:05","date_gmt":"2024-09-30T04:24:05","guid":{"rendered":"https:\/\/ekamu.net\/?p=81836"},"modified":"2024-09-30T04:24:05","modified_gmt":"2024-09-30T04:24:05","slug":"meta-avrupada-102-milyon-dolar-cezaya-carptirildi","status":"publish","type":"post","link":"https:\/\/ekamu.net\/index.php\/2024\/09\/30\/meta-avrupada-102-milyon-dolar-cezaya-carptirildi\/","title":{"rendered":"Meta Avrupa\u2019da 102 milyon dolar cezaya \u00e7arpt\u0131r\u0131ld\u0131"},"content":{"rendered":"<p><figure> <span> <img decoding=\"async\" src=\"https:\/\/ekamu.net\/wp-content\/uploads\/2024\/09\/meta-avrupada-102-milyon-dolar-cezaya-carptirildi-0-nMrRThTF.jpg\"\/> <\/span> Ki\u015fisel verilerin korunmas\u0131 ve i\u015flenmesi konusunda ne yaz\u0131k ki teknoloji devleri s\u0131n\u0131fta kal\u0131yor. Ba\u015fta Avrupa olmak \u00fczere pek \u00e7ok b\u00f6lgede ard\u0131 ard\u0131na teknoloji devlerine y\u00fcz milyonlarca dolarl\u0131k tazminat cezalar\u0131 veriliyor.\u00a0 <\/figure>\n<p>Meta yine ceza ald\u0131<\/p>\n<p>2019 y\u0131l\u0131nda <strong>Facebook<\/strong> kullan\u0131c\u0131 verilerinin d\u00fcz metin olarak sakland\u0131\u011f\u0131 ve \u015fifre gibi hassas verilerin \u00fc\u00e7\u00fcnc\u00fc \u015fah\u0131slar\u0131n eri\u015fimine kolay bir \u015fekilde a\u00e7\u0131k oldu\u011fu g\u00fcndeme bomba gibi d\u00fc\u015fm\u00fc\u015ft\u00fc. Bu hafta \u0130rlanda Veri Koruma Komisyonu soru\u015fturmay\u0131 karara ba\u011flad\u0131.\u00a0<\/p>\n<p>Meta d\u00fcz metin iddialar\u0131n\u0131 do\u011frulam\u0131\u015f ancak herhangi bir kullan\u0131c\u0131 verisinin \u00e7al\u0131nmad\u0131\u011f\u0131n\u0131 belirtmi\u015fti. Yine de Komisyon Meta firmas\u0131na 91 milyon Euro ya da yakla\u015f\u0131k 102 milyon dolar tazminat cezas\u0131 verilmesini kararla\u015ft\u0131rd\u0131. D\u00fczenleyici kurum ile i\u015f birli\u011fi i\u00e7erisinde olan Meta ise verilerin saklanmas\u0131 konusunda ciddi ad\u0131mlar att\u0131\u011f\u0131n\u0131 belirtiyor.<br \/> \u00a0<\/p>\n\n<p><span style=\"display: block; width: 343.125px; color: rgb(55, 58, 60); font-size: 14px; background-color: rgb(255, 249, 236);\"><\/span><\/p>\n<p>Kaynak :\u00a0<span style=\"background-color: rgb(255, 249, 236); color: rgb(55, 58, 60); font-size: 14px;\">https:\/\/www.donanimhaber.com\/sifreleri-duz-metin-olarak-saklayan-meta-cezalandirildi&#8211;182455<\/span><\/p>\n","protected":false},"excerpt":{"rendered":"<p>Ki\u015fisel verilerin korunmas\u0131 ve i\u015flenmesi konusunda ne yaz\u0131k ki teknoloji devleri s\u0131n\u0131fta kal\u0131yor. Ba\u015fta Avrupa olmak \u00fczere pek \u00e7ok b\u00f6lgede ard\u0131 ard\u0131na teknoloji devlerine y\u00fcz milyonlarca dolarl\u0131k tazminat cezalar\u0131 veriliyor.\u00a0 Meta yine ceza &#8230;<\/p>\n","protected":false},"author":1,"featured_media":81837,"comment_status":"open","ping_status":"open","sticky":false,"template":"","format":"standard","meta":{"footnotes":""},"categories":[8],"tags":[639],"class_list":["post-81836","post","type-post","status-publish","format-standard","has-post-thumbnail","hentry","category-teknoloji","tag-veri"],"_links":{"self":[{"href":"https:\/\/ekamu.net\/index.php\/wp-json\/wp\/v2\/posts\/81836","targetHints":{"allow":["GET"]}}],"collection":[{"href":"https:\/\/ekamu.net\/index.php\/wp-json\/wp\/v2\/posts"}],"about":[{"href":"https:\/\/ekamu.net\/index.php\/wp-json\/wp\/v2\/types\/post"}],"author":[{"embeddable":true,"href":"https:\/\/ekamu.net\/index.php\/wp-json\/wp\/v2\/users\/1"}],"replies":[{"embeddable":true,"href":"https:\/\/ekamu.net\/index.php\/wp-json\/wp\/v2\/comments?post=81836"}],"version-history":[{"count":1,"href":"https:\/\/ekamu.net\/index.php\/wp-json\/wp\/v2\/posts\/81836\/revisions"}],"predecessor-version":[{"id":81839,"href":"https:\/\/ekamu.net\/index.php\/wp-json\/wp\/v2\/posts\/81836\/revisions\/81839"}],"wp:featuredmedia":[{"embeddable":true,"href":"https:\/\/ekamu.net\/index.php\/wp-json\/wp\/v2\/media\/81837"}],"wp:attachment":[{"href":"https:\/\/ekamu.net\/index.php\/wp-json\/wp\/v2\/media?parent=81836"}],"wp:term":[{"taxonomy":"category","embeddable":true,"href":"https:\/\/ekamu.net\/index.php\/wp-json\/wp\/v2\/categories?post=81836"},{"taxonomy":"post_tag","embeddable":true,"href":"https:\/\/ekamu.net\/index.php\/wp-json\/wp\/v2\/tags?post=81836"}],"curies":[{"name":"wp","href":"https:\/\/api.w.org\/{rel}","templated":true}]}}