{"id":81896,"date":"2024-09-30T07:48:06","date_gmt":"2024-09-30T07:48:06","guid":{"rendered":"https:\/\/ekamu.net\/?p=81896"},"modified":"2024-09-30T07:48:06","modified_gmt":"2024-09-30T07:48:06","slug":"zurich-sigorta-grubu-turkiye-ceosu-yildiza-bmden-liderlik-odulu","status":"publish","type":"post","link":"https:\/\/ekamu.net\/index.php\/2024\/09\/30\/zurich-sigorta-grubu-turkiye-ceosu-yildiza-bmden-liderlik-odulu\/","title":{"rendered":"Zurich Sigorta Grubu T\u00fcrkiye CEO\u2019su Y\u0131ld\u0131z\u2019a BM&#8217;den liderlik \u00f6d\u00fcl\u00fc"},"content":{"rendered":"<div>\n<p>Y\u0131lmaz Y\u0131ld\u0131z, 24 Eyl\u00fcl\u2019de New York\u2019ta ger\u00e7ekle\u015ftirilen Birle\u015fmi\u015f Milletler &#8211; Global Compact Liderler Zirvesi\u2019ne kat\u0131larak, global i\u015f d\u00fcnyas\u0131 liderleri, BM yetkilileri, politikac\u0131lar, kamu y\u00f6neticileri ve sivil toplum temsilcilerini a\u011f\u0131rlayan t\u00f6rende \u00f6d\u00fcl\u00fcn\u00fc ald\u0131.<\/p>\n<p>2000 y\u0131l\u0131nda BM Genel Sekreteri Kofi Annan\u2019\u0131n \u00e7a\u011fr\u0131s\u0131yla ba\u015flayan Birle\u015fmi\u015f Milletler K\u00fcresel \u0130lkeler S\u00f6zle\u015fmesi (UN Global Compact), bug\u00fcn k\u00fcresel i\u015f d\u00fcnyas\u0131n\u0131n en b\u00fcy\u00fck s\u00fcrd\u00fcr\u00fclebilirlik hareketidir. K\u00fcresel \u0130lkeler S\u00f6zle\u015fmesi i\u015f d\u00fcnyas\u0131n\u0131n g\u00fcc\u00fcn\u00fc kullanarak daha adil, s\u00fcrd\u00fcr\u00fclebilir ve insan odakl\u0131 bir d\u00fcnya yaratma yolunda at\u0131lan \u00e7ok \u00f6nemli bir ad\u0131md\u0131r. 160\u2019tan fazla \u00fclkede 20 bini a\u015fk\u0131n \u015firket ve kurulu\u015f, bu inisiyatife kat\u0131larak hem i\u015f d\u00fcnyas\u0131n\u0131n hem de d\u00fcnyan\u0131n gelece\u011fini \u015fekillendirmeye katk\u0131 sa\u011flamaktad\u0131r.<\/p>\n<\/div>\n<div>\n<p>K\u00fcresel \u0130lkeler S\u00f6zle\u015fmesi, \u015firketlerin sadece k\u00e2r odakl\u0131 de\u011fil, ayn\u0131 zamanda sosyal sorumluluk bilinciyle hareket etmeleri gerekti\u011fine dikkat \u00e7eker. \u0130nsan haklar\u0131na sayg\u0131, adil \u00e7al\u0131\u015fma ko\u015fullar\u0131, \u00e7evrenin korunmas\u0131 ve yolsuzlukla m\u00fccadele, s\u00f6zle\u015fmenin dayand\u0131\u011f\u0131 10 temel ilkenin baz\u0131lar\u0131d\u0131r.<\/p>\n<\/div>\n<\/p>\n<p><\/p>\n<p>Kaynak :\u00a0<span style=\"background-color: rgb(255, 249, 236); color: rgb(55, 58, 60); font-size: 14px;\">Bloomberg HT<\/span><\/p>\n<p><span style=\"display: block; width: 343.125px; color: rgb(55, 58, 60); font-size: 14px; background-color: rgb(255, 249, 236);\"><\/span><\/p>\n","protected":false},"excerpt":{"rendered":"<p>Zurich Sigorta Grubu T\u00fcrkiye CEO\u2019su Y\u0131lmaz Y\u0131ld\u0131z, kariyeri boyunca liderlik etti\u011fi e\u011fitim, sa\u011fl\u0131k, \u00e7evre, kad\u0131n ve \u00e7ocuklar\u0131 destekleyen ba\u015far\u0131l\u0131 projeleri ve \u015firket i\u00e7inde kad\u0131n-erkek e\u015fitli\u011fini sa\u011flayan etkili uygulamalar\u0131ndan dolay\u0131, \u201cBM&#8230;<\/p>\n","protected":false},"author":1,"featured_media":81897,"comment_status":"open","ping_status":"open","sticky":false,"template":"","format":"standard","meta":{"footnotes":""},"categories":[2],"tags":[212],"class_list":["post-81896","post","type-post","status-publish","format-standard","has-post-thumbnail","hentry","category-ekonomi","tag-dunya"],"_links":{"self":[{"href":"https:\/\/ekamu.net\/index.php\/wp-json\/wp\/v2\/posts\/81896","targetHints":{"allow":["GET"]}}],"collection":[{"href":"https:\/\/ekamu.net\/index.php\/wp-json\/wp\/v2\/posts"}],"about":[{"href":"https:\/\/ekamu.net\/index.php\/wp-json\/wp\/v2\/types\/post"}],"author":[{"embeddable":true,"href":"https:\/\/ekamu.net\/index.php\/wp-json\/wp\/v2\/users\/1"}],"replies":[{"embeddable":true,"href":"https:\/\/ekamu.net\/index.php\/wp-json\/wp\/v2\/comments?post=81896"}],"version-history":[{"count":1,"href":"https:\/\/ekamu.net\/index.php\/wp-json\/wp\/v2\/posts\/81896\/revisions"}],"predecessor-version":[{"id":81898,"href":"https:\/\/ekamu.net\/index.php\/wp-json\/wp\/v2\/posts\/81896\/revisions\/81898"}],"wp:featuredmedia":[{"embeddable":true,"href":"https:\/\/ekamu.net\/index.php\/wp-json\/wp\/v2\/media\/81897"}],"wp:attachment":[{"href":"https:\/\/ekamu.net\/index.php\/wp-json\/wp\/v2\/media?parent=81896"}],"wp:term":[{"taxonomy":"category","embeddable":true,"href":"https:\/\/ekamu.net\/index.php\/wp-json\/wp\/v2\/categories?post=81896"},{"taxonomy":"post_tag","embeddable":true,"href":"https:\/\/ekamu.net\/index.php\/wp-json\/wp\/v2\/tags?post=81896"}],"curies":[{"name":"wp","href":"https:\/\/api.w.org\/{rel}","templated":true}]}}