{"id":81908,"date":"2024-09-30T08:24:06","date_gmt":"2024-09-30T08:24:06","guid":{"rendered":"https:\/\/ekamu.net\/?p=81908"},"modified":"2024-09-30T08:24:06","modified_gmt":"2024-09-30T08:24:06","slug":"unicredit-commerzbankta-koltuk-istemiyor","status":"publish","type":"post","link":"https:\/\/ekamu.net\/index.php\/2024\/09\/30\/unicredit-commerzbankta-koltuk-istemiyor\/","title":{"rendered":"Unicredit, Commerzbank&#8217;ta koltuk istemiyor"},"content":{"rendered":"<div>\n<p>UniCredit CEO&#8217;su Andrea Orcel, Alman banka Commerzbank&#8217;\u0131n daha k\u00e2rl\u0131 hale gelmesini sa\u011flamak istemesine ra\u011fmen Commerzbank AG&#8217;de denetim kurulu \u00fcyeli\u011fi istemeyece\u011fini s\u00f6yledi.<\/p>\n<p>Bank of America&#8217;n\u0131n ev sahipli\u011finde d\u00fczenlenen bir konferansta konu\u015fan Orcel, UniCredit&#8217;in Commerzbank&#8217;taki hisselerine at\u0131fta bulunarak, \u201cBen genellikle yat\u0131r\u0131mc\u0131lar\u0131n y\u00f6netim kurulu koltu\u011funa sahip olmas\u0131na inanmam. Y\u00f6netim kurulu koltu\u011funa sahip olmam\u0131z\u0131n uygunsuz oldu\u011funu d\u00fc\u015f\u00fcn\u00fcyorum \u00e7\u00fcnk\u00fc biz de bir rakibiz\u201d dedi.<\/p>\n<p>UniCredit, Commerzbank&#8217;ta t\u00fcrev varl\u0131klar yoluyla %20&#8217;den fazla bir hisse sahibi olurken Orcel tam bir devralma se\u00e7ene\u011fini masada tutuyor. Ancak Orcel, Alman h\u00fck\u00fcmeti, sendikalar ve Commerzbank&#8217;\u0131n kendisinden gelen sert bir direni\u015fle kar\u015f\u0131 kar\u015f\u0131ya.<\/p>\n<\/div>\n<div>\n<p>Orcel, yaln\u0131zca hissedarlardan geni\u015f \u00e7apl\u0131 bir destek olursa ve \u015fartlar\u0131n uygun olmas\u0131 durumunda Commerzbank ile anla\u015fmaya varmaya \u00e7al\u0131\u015facaklar\u0131n\u0131, aksi takdirde yat\u0131r\u0131mdan vazge\u00e7ebileceklerini de s\u00f6yledi.<\/p>\n<p>UniCredit, Alman bankas\u0131ndaki en b\u00fcy\u00fck tekil yat\u0131r\u0131mc\u0131 oldu fakat s\u00f6z konusu pay art\u0131r\u0131m\u0131 Avrupa Merkez Bankas\u0131&#8217;n\u0131n onay\u0131na tabi olacak.<\/p>\n<p>Orcel, &#8220;Ne kadar disiplinli oldu\u011fumuzu k\u00fc\u00e7\u00fcmsemeyin&#8230; \u015eartlar\u0131 bize uygun olmayan anla\u015fmalara s\u00fcr\u00fcklenmeyece\u011fiz&#8221; dedi.<\/p>\n<\/div>\n<\/p>\n<p><\/p>\n<p>Kaynak :\u00a0<span style=\"background-color: rgb(255, 249, 236); color: rgb(55, 58, 60); font-size: 14px;\">Bloomberg HT<\/span><\/p>\n<p><span style=\"display: block; width: 343.125px; color: rgb(55, 58, 60); font-size: 14px; background-color: rgb(255, 249, 236);\"><\/span><\/p>\n","protected":false},"excerpt":{"rendered":"<p>Unicredit CEO&#8217;su Andrea Orcel, Commerzbank stratejisini \u015fekillendirmek istediklerini ancak y\u00f6netim kurulunda bir koltu\u011fa sahip olmak istemediklerini s\u00f6yledi.<\/p>\n","protected":false},"author":1,"featured_media":81909,"comment_status":"open","ping_status":"open","sticky":false,"template":"","format":"standard","meta":{"footnotes":""},"categories":[2],"tags":[4346],"class_list":["post-81908","post","type-post","status-publish","format-standard","has-post-thumbnail","hentry","category-ekonomi","tag-commerzbank"],"_links":{"self":[{"href":"https:\/\/ekamu.net\/index.php\/wp-json\/wp\/v2\/posts\/81908","targetHints":{"allow":["GET"]}}],"collection":[{"href":"https:\/\/ekamu.net\/index.php\/wp-json\/wp\/v2\/posts"}],"about":[{"href":"https:\/\/ekamu.net\/index.php\/wp-json\/wp\/v2\/types\/post"}],"author":[{"embeddable":true,"href":"https:\/\/ekamu.net\/index.php\/wp-json\/wp\/v2\/users\/1"}],"replies":[{"embeddable":true,"href":"https:\/\/ekamu.net\/index.php\/wp-json\/wp\/v2\/comments?post=81908"}],"version-history":[{"count":1,"href":"https:\/\/ekamu.net\/index.php\/wp-json\/wp\/v2\/posts\/81908\/revisions"}],"predecessor-version":[{"id":81910,"href":"https:\/\/ekamu.net\/index.php\/wp-json\/wp\/v2\/posts\/81908\/revisions\/81910"}],"wp:featuredmedia":[{"embeddable":true,"href":"https:\/\/ekamu.net\/index.php\/wp-json\/wp\/v2\/media\/81909"}],"wp:attachment":[{"href":"https:\/\/ekamu.net\/index.php\/wp-json\/wp\/v2\/media?parent=81908"}],"wp:term":[{"taxonomy":"category","embeddable":true,"href":"https:\/\/ekamu.net\/index.php\/wp-json\/wp\/v2\/categories?post=81908"},{"taxonomy":"post_tag","embeddable":true,"href":"https:\/\/ekamu.net\/index.php\/wp-json\/wp\/v2\/tags?post=81908"}],"curies":[{"name":"wp","href":"https:\/\/api.w.org\/{rel}","templated":true}]}}