{"id":82855,"date":"2024-10-02T09:00:07","date_gmt":"2024-10-02T09:00:07","guid":{"rendered":"https:\/\/ekamu.net\/?p=82855"},"modified":"2024-10-02T09:00:07","modified_gmt":"2024-10-02T09:00:07","slug":"almanya-enflasyonunda-35-yil-sonra-bir-ilk","status":"publish","type":"post","link":"https:\/\/ekamu.net\/index.php\/2024\/10\/02\/almanya-enflasyonunda-35-yil-sonra-bir-ilk\/","title":{"rendered":"Almanya enflasyonunda 3,5 y\u0131l sonra bir ilk"},"content":{"rendered":"<div>\n<p>Destatis verilerine g\u00f6re Avrupa&#8217;n\u0131n en b\u00fcy\u00fck ekonomisinde AB uyumlu T\u00dcFE y\u0131ll\u0131k y\u00fczde 1,8 ile beklentiye paralel artt\u0131. \u00d6nceki ay bu rakam y\u00fczde 2&#8217;ydi. Enerji maliyetlerindeki d\u00fc\u015f\u00fc\u015f enflasyondaki yava\u015flamada etkili oldu. Ayl\u0131k enflasyon ise de\u011fi\u015fmedi.<\/p>\n<p>Cuma g\u00fcn\u00fc a\u00e7\u0131klanan veriler, Fransa ve \u0130spanya&#8217;da da enflasyonun y\u00fczde 2&#8217;nin alt\u0131na indi\u011fini g\u00f6stermi\u015fti. \u0130talya&#8217;da ise enflasyon y\u00fczde 1&#8217;in alt\u0131na geriledi.<\/p>\n<p>Enflasyondaki yava\u015flaman\u0131n yan\u0131 s\u0131ra ekonomik b\u00fcy\u00fcmede k\u00f6t\u00fcle\u015fen g\u00f6r\u00fcn\u00fcm nedeniyle Avrupa Merkez Bankas\u0131&#8217;n\u0131n 17 Ekim&#8217;deki toplant\u0131s\u0131nda 3. kez mevduat faizinde indirime gitmesi bekleniyor. Konuya yak\u0131n kaynaklara g\u00f6re Alman h\u00fck\u00fcmeti ekonominin bu y\u0131l b\u00fcy\u00fcme kaydetmesini beklemiyor.<\/p>\n<\/div>\n<div>\n<p>20 \u00fcyeli Euro B\u00f6lgesi&#8217;nin enflasyon rakamlar\u0131 ise Sal\u0131 g\u00fcn\u00fc a\u00e7\u0131klanacak. Enflasyonun y\u00fczde 2,2&#8217;den y\u00fczde 1,8&#8217;e gev\u015femesi bekleniyor. Ancak AMB, enflasyonun baz etkisi nedeniyle y\u0131l sonunda yeniden y\u00fckselmesini, 2025&#8217;te ise s\u00fcrd\u00fcr\u00fclebilir bi\u00e7imde hedefe d\u00f6nmesini bekliyor.<\/p>\n<p>Deutche Bank Ekonomisti Sebastian Becker bug\u00fcn a\u00e7\u0131klanan rakam\u0131n &#8216;enflasyon sorununun \u00e7\u00f6z\u00fcld\u00fc\u011f\u00fcn\u00fc g\u00f6stermedi\u011fini&#8217; belirtti. Uzman &#8220;Hala y\u00fcksek seyreden \u00e7ekirdek enflasyonun da d\u00fc\u015fmesi gerekiyor. \u015eimdiye kadar bu d\u00fc\u015f\u00fc\u015f ger\u00e7ekle\u015fmedi.&#8221; \u015feklinde konu\u015ftu.<\/p>\n<\/div>\n<\/p>\n<p><\/p>\n<p>Kaynak :\u00a0<span style=\"background-color: rgb(255, 249, 236); color: rgb(55, 58, 60); font-size: 14px;\">Bloomberg HT<\/span><\/p>\n<p><span style=\"display: block; width: 343.125px; color: rgb(55, 58, 60); font-size: 14px; background-color: rgb(255, 249, 236);\"><\/span><\/p>\n","protected":false},"excerpt":{"rendered":"<p>Almanya&#8217;da enflasyon \u015eubat 2021&#8217;den bu yana ilk kez Avrupa Merkez Bankas\u0131&#8217;n\u0131n y\u00fczde 2&#8217;lik hedefinin alt\u0131na indi.<\/p>\n","protected":false},"author":1,"featured_media":82856,"comment_status":"open","ping_status":"open","sticky":false,"template":"","format":"standard","meta":{"footnotes":""},"categories":[2],"tags":[44],"class_list":["post-82855","post","type-post","status-publish","format-standard","has-post-thumbnail","hentry","category-ekonomi","tag-enflasyon"],"_links":{"self":[{"href":"https:\/\/ekamu.net\/index.php\/wp-json\/wp\/v2\/posts\/82855","targetHints":{"allow":["GET"]}}],"collection":[{"href":"https:\/\/ekamu.net\/index.php\/wp-json\/wp\/v2\/posts"}],"about":[{"href":"https:\/\/ekamu.net\/index.php\/wp-json\/wp\/v2\/types\/post"}],"author":[{"embeddable":true,"href":"https:\/\/ekamu.net\/index.php\/wp-json\/wp\/v2\/users\/1"}],"replies":[{"embeddable":true,"href":"https:\/\/ekamu.net\/index.php\/wp-json\/wp\/v2\/comments?post=82855"}],"version-history":[{"count":1,"href":"https:\/\/ekamu.net\/index.php\/wp-json\/wp\/v2\/posts\/82855\/revisions"}],"predecessor-version":[{"id":82857,"href":"https:\/\/ekamu.net\/index.php\/wp-json\/wp\/v2\/posts\/82855\/revisions\/82857"}],"wp:featuredmedia":[{"embeddable":true,"href":"https:\/\/ekamu.net\/index.php\/wp-json\/wp\/v2\/media\/82856"}],"wp:attachment":[{"href":"https:\/\/ekamu.net\/index.php\/wp-json\/wp\/v2\/media?parent=82855"}],"wp:term":[{"taxonomy":"category","embeddable":true,"href":"https:\/\/ekamu.net\/index.php\/wp-json\/wp\/v2\/categories?post=82855"},{"taxonomy":"post_tag","embeddable":true,"href":"https:\/\/ekamu.net\/index.php\/wp-json\/wp\/v2\/tags?post=82855"}],"curies":[{"name":"wp","href":"https:\/\/api.w.org\/{rel}","templated":true}]}}