{"id":8315,"date":"2024-05-31T05:48:05","date_gmt":"2024-05-31T05:48:05","guid":{"rendered":"https:\/\/ekamu.net\/?p=8315"},"modified":"2024-05-31T05:48:05","modified_gmt":"2024-05-31T05:48:05","slug":"istanbulda-luks-rezidansta-gencin-supheli-olumu","status":"publish","type":"post","link":"https:\/\/ekamu.net\/index.php\/2024\/05\/31\/istanbulda-luks-rezidansta-gencin-supheli-olumu\/","title":{"rendered":"\u0130stanbul\u2019da l\u00fcks rezidansta gencin \u015f\u00fcpheli \u00f6l\u00fcm\u00fc"},"content":{"rendered":"<p><p>Olay, d\u00fcn saat 20.40 s\u0131ralar\u0131nda Ka\u011f\u0131thane Talatpa\u015fa Mahallesi\u2019nde meydana geldi. \u0130ddiaya g\u00f6re ak\u015fam saatlerinde d\u00fc\u015fme sesi duyan vatanda\u015flar polis ve sa\u011fl\u0131k ekiplerine ihbarda bulundu.<\/p>\n<p>K\u0131sa s\u00fcrede olay yerine gelen sa\u011fl\u0131k ekipleri, yapt\u0131\u011f\u0131 incelemeler sonucunda d\u00fc\u015fen ve kimli\u011fi tespit edilen Emir Germi\u2019nin (21) hayat\u0131n\u0131 kaybetti\u011fini belirledi.<\/p>\n<p><strong>A\u0130LES\u0130YLE PROBLEMLER\u0130 VARDI<\/strong><\/p>\n<p>Olayla ilgili \u00e7al\u0131\u015fma ba\u015flatan polis ekipleri, g\u00f6rg\u00fc \u015fahitlerinin ifadelerine ba\u015fvurdu. G\u00f6rg\u00fc \u015fahitleri gencin \u00e7at\u0131dan d\u00fc\u015ft\u00fc\u011f\u00fcn\u00fc s\u00f6ylerken, Alperen P., ise ev arkada\u015f\u0131n\u0131n ailesiyle problemleri oldu\u011funu \u00f6ne s\u00fcrd\u00fc. Olay yeri inceleme ve cumhuriyet savc\u0131s\u0131n\u0131n incelemelerinin ard\u0131ndan gencin cenazesi incelenmek \u00fczere Adli T\u0131p Kurumu morguna kald\u0131r\u0131ld\u0131. Polis olay\u0131n intihar olabilece\u011fi ihtimali \u00fczerinde duruyor.<\/p>\n\n<p>Kaynak :\u00a0<span style=\"background-color: rgb(255, 249, 236); color: rgb(55, 58, 60); font-size: 14px;\">http:\/\/www.milliyet.com.tr\/gundem\/istanbulda-luks-rezidansta-gencin-supheli-olumu-7134108<\/span><\/p>\n","protected":false},"excerpt":{"rendered":"<p>Ka\u011f\u0131thane\u2019de bulunan bir rezidansta ya\u015fayan 21 ya\u015f\u0131ndaki gen\u00e7, \u00e7at\u0131dan zemine d\u00fc\u015ferek feci \u015fekilde hayat\u0131n\u0131 kaybetti.<\/p>\n","protected":false},"author":1,"featured_media":8316,"comment_status":"open","ping_status":"open","sticky":false,"template":"","format":"standard","meta":{"footnotes":""},"categories":[3],"tags":[247],"class_list":["post-8315","post","type-post","status-publish","format-standard","has-post-thumbnail","hentry","category-genel","tag-olay"],"_links":{"self":[{"href":"https:\/\/ekamu.net\/index.php\/wp-json\/wp\/v2\/posts\/8315","targetHints":{"allow":["GET"]}}],"collection":[{"href":"https:\/\/ekamu.net\/index.php\/wp-json\/wp\/v2\/posts"}],"about":[{"href":"https:\/\/ekamu.net\/index.php\/wp-json\/wp\/v2\/types\/post"}],"author":[{"embeddable":true,"href":"https:\/\/ekamu.net\/index.php\/wp-json\/wp\/v2\/users\/1"}],"replies":[{"embeddable":true,"href":"https:\/\/ekamu.net\/index.php\/wp-json\/wp\/v2\/comments?post=8315"}],"version-history":[{"count":1,"href":"https:\/\/ekamu.net\/index.php\/wp-json\/wp\/v2\/posts\/8315\/revisions"}],"predecessor-version":[{"id":8317,"href":"https:\/\/ekamu.net\/index.php\/wp-json\/wp\/v2\/posts\/8315\/revisions\/8317"}],"wp:featuredmedia":[{"embeddable":true,"href":"https:\/\/ekamu.net\/index.php\/wp-json\/wp\/v2\/media\/8316"}],"wp:attachment":[{"href":"https:\/\/ekamu.net\/index.php\/wp-json\/wp\/v2\/media?parent=8315"}],"wp:term":[{"taxonomy":"category","embeddable":true,"href":"https:\/\/ekamu.net\/index.php\/wp-json\/wp\/v2\/categories?post=8315"},{"taxonomy":"post_tag","embeddable":true,"href":"https:\/\/ekamu.net\/index.php\/wp-json\/wp\/v2\/tags?post=8315"}],"curies":[{"name":"wp","href":"https:\/\/api.w.org\/{rel}","templated":true}]}}