{"id":8384,"date":"2024-05-31T06:24:04","date_gmt":"2024-05-31T06:24:04","guid":{"rendered":"https:\/\/ekamu.net\/?p=8384"},"modified":"2024-05-31T06:24:04","modified_gmt":"2024-05-31T06:24:04","slug":"kopek-saldirisinda-olumden-dondu-acili-baba-kendi-cocuklarinin-parcalanmasini-isterler-miydi","status":"publish","type":"post","link":"https:\/\/ekamu.net\/index.php\/2024\/05\/31\/kopek-saldirisinda-olumden-dondu-acili-baba-kendi-cocuklarinin-parcalanmasini-isterler-miydi\/","title":{"rendered":"K\u00f6pek sald\u0131r\u0131s\u0131nda \u00f6l\u00fcmden d\u00f6nd\u00fc! Ac\u0131l\u0131 baba: Kendi \u00e7ocuklar\u0131n\u0131n par\u00e7alanmas\u0131n\u0131 isterler miydi?"},"content":{"rendered":"<p><p>Ankara\u2019n\u0131n Ke\u00e7i\u00f6ren il\u00e7esinde okula gitmek i\u00e7in evinden \u00e7\u0131kan 10 ya\u015f\u0131ndaki Tunahan Y\u0131lmaz, 7 Aral\u0131k 2023 tarihinde ba\u015f\u0131bo\u015f sokak k\u00f6peklerinin sald\u0131r\u0131s\u0131na u\u011frad\u0131. Olay\u0131n ard\u0131ndan Hacettepe \u00dcniversitesi \u0130hsan Do\u011framac\u0131 \u00c7ocuk Hastanesi Yo\u011fun Bak\u0131m \u00dcnitesi\u2019nde tedavi alt\u0131na al\u0131nan \u00e7ocuk, 3 ayl\u0131k tedavi s\u00fcrecinin ard\u0131ndan taburcu oldu. Zorlu ameliyat s\u00fcre\u00e7leri atlatan Tunahan Y\u0131lmaz, taburcu olmas\u0131na ra\u011fmen hala tedavi g\u00f6r\u00fcyor. AK Parti&#8217;nin artan sokak k\u00f6pe\u011fi sald\u0131r\u0131lar\u0131n\u0131n ard\u0131ndan haz\u0131rlad\u0131\u011f\u0131 \u00e7al\u0131\u015fma ise ba\u015f\u0131bo\u015f k\u00f6peklerin toplanmas\u0131, k\u0131s\u0131rla\u015ft\u0131r\u0131lmas\u0131, bak\u0131mlar\u0131n\u0131n yap\u0131lmas\u0131ndan sonra sahiplendirme konusunda te\u015fvik sa\u011flanmas\u0131n\u0131 \u00f6ng\u00f6r\u00fcrken, k\u00f6peklerin sald\u0131r\u0131s\u0131na u\u011frayan Tunahan Y\u0131lmaz\u2019\u0131n babas\u0131 Halil Y\u0131lmaz d\u00fczenlemeye kar\u015f\u0131 \u00e7\u0131kanlara tepki g\u00f6sterdi. Baba Halil Y\u0131lmaz, \u0130HA muhabirine yapt\u0131\u011f\u0131 a\u00e7\u0131klamada Cumhurba\u015fkan\u0131 Recep Tayyip Erdo\u011fan\u2019\u0131n onay\u0131na sunulduktan sonra teklif halinde Meclise gelecek olan d\u00fczenlemeyi desteklediklerini s\u00f6yledi.<\/p>\n<p><strong>\u201cD\u00dcZENLEMEYE KAR\u015eI \u00c7IKANLARIN BA\u015eINA GELSE, KEND\u0130 \u00c7OCUKLARININ PAR\u00c7ALANMASINI \u0130STERLER M\u0130YD\u0130?\u201d<\/strong><\/p>\n<p>Yasa tasar\u0131s\u0131n\u0131 okudu\u011funu belirten Halil Y\u0131lmaz, \u201cAlt\u0131na imzam\u0131 atar\u0131m. Biz, Tunahan\u2019\u0131n 1 hafta sonra 7 ay olacak. 7 ayd\u0131r neler \u00e7ekti\u011fimizi bir Allah bilir, bir de biz biliriz. Tunahan\u2019\u0131n yakla\u015f\u0131k 34 g\u00fcn sonra bir ameliyat\u0131 var. \u015eu anda v\u00fccudu par\u00e7al\u0131 halde. B\u00fct\u00fcn kaba etleri, kaslar\u0131 eksik\u201d ifadelerini kulland\u0131.<\/p>\n<p>5199 say\u0131l\u0131 Hayvanlar\u0131 Koruma Kanunu&#8217;nda yap\u0131lacak olan yeni d\u00fczenlemeye kar\u015f\u0131 \u00e7\u0131kan vatanda\u015flara seslenen Y\u0131lmaz, \u201cBu, neyin davas\u0131? Benim ba\u015f\u0131ma gelen veya \u00f6len onlarca insanlar\u0131m\u0131z var, par\u00e7alanan \u00e7ocuklar\u0131m\u0131z var. Onlar\u0131n ba\u015f\u0131na gelse, kendi \u00e7ocuklar\u0131n\u0131n par\u00e7alanmas\u0131n\u0131 isterler miydi? \u00c7ou\u011fu insan\u0131n hayvansever oldu\u011funa inan\u0131yoruz ama biz de hayvanseveriz. Bizim de i\u00e7imiz ac\u0131yor\u201d diye konu\u015ftu.<\/p>\n<p><strong>\u201cB\u0130Z \u00d6L\u00dcME ZATEN KAR\u015eIYIZ, KATL\u0130AM YAPILSIN DEM\u0130YORUZ\u201d<\/strong><\/p>\n<p>Kendi evlad\u0131n\u0131n okul har\u00e7l\u0131\u011f\u0131yla mama almak i\u00e7in 2 kilometre y\u00fcr\u00fcd\u00fc\u011f\u00fcn\u00fc anlatan Y\u0131lmaz, \u201cBenim evlad\u0131m k\u00f6pe\u011fin yavrular\u0131na ve kedinin yavrular\u0131na mama getirdi. Biz b\u00f6yle bir insan\u0131z. Biz \u00f6l\u00fcme zaten kar\u015f\u0131y\u0131z, katliam yap\u0131ls\u0131n demiyoruz\u201d a\u00e7\u0131klamas\u0131nda bulundu.<\/p>\n<p>Hayvanlar\u0131 koruma derneklerinin \u2018mamac\u0131l\u0131k\u2019 faaliyetleri y\u00fcr\u00fcterek rant pe\u015finde olduklar\u0131n\u0131 iddia eden Y\u0131lmaz, \u201cBa\u015f\u0131bo\u015f sokak k\u00f6peklerinin tek sorumlusu belediyeler olsun. Belediye personelleri b\u0131rakm\u0131yorlar, topluyorlar. Personellere de sald\u0131ranlar\u0131 g\u00f6rd\u00fcm\u201d dedi.<\/p>\n<div>\n<div> <img decoding=\"async\" src=\"https:\/\/ekamu.net\/wp-content\/uploads\/2024\/05\/kopek-saldirisinda-olumden-dondu-acili-baba-kendi-cocuklarinin-parcalanmasini-isterler-miydi-0-XGYxkp3v.jpg\"\/><\/img> <\/div>\n<\/p><\/div>\n<\/p>\n<p><strong>\u201cBEN \u00c7OCU\u011eUM KE\u015eKE ACI \u00c7EKMEDEN \u00d6LSEYD\u0130 DED\u0130M\u201d<\/strong><\/p>\n<p>\u201cAllah kimseyi benim durumuma d\u00fc\u015f\u00fcrmesin\u201d diyen Y\u0131lmaz, s\u00f6zlerine \u015f\u00f6yle devam etti:<\/p>\n<p>\u201cBir insan, \u00e7ocu\u011fu ac\u0131 \u00e7ekerken \u2018\u00d6l\u00fcm kurtulu\u015ftu, ke\u015fke \u00f6lseydi&#8217; dedi\u011fi olur mu? Ben bu kelimeyi kulland\u0131m. Ben \u00e7ocu\u011fum ke\u015fke ac\u0131 \u00e7ekmeden \u00f6lseydi dedim. Doktorlar\u0131m\u0131z ellerinden gelen b\u00fct\u00fcn imkanlar\u0131 kulland\u0131lar. Kendi evlatlar\u0131 gibi ilgilendiler.\u201d<\/p>\n<p><strong>\u201cK\u00d6PEKLER ARTIK \u0130NSANI Y\u0130YECEK DURUMDA\u201d<\/strong><\/p>\n<p>K\u00fc\u00e7\u00fckl\u00fc\u011f\u00fcnden beri k\u00f6peklerle i\u00e7 i\u00e7e ya\u015fad\u0131\u011f\u0131n\u0131 belirten Y\u0131lmaz, \u201cK\u00f6pekler art\u0131k insan\u0131 yiyecek durumda. K\u00f6pek \u0131s\u0131rmas\u0131 duydum da bir k\u00f6pek canl\u0131 canl\u0131 insan yer mi?\u201d \u015feklinde konu\u015ftu.<\/p>\n<p>Ba\u015f\u0131bo\u015f sokak k\u00f6peklerinin uyutulmad\u0131\u011f\u0131 takdirde bu i\u015fin \u00f6n\u00fcne ge\u00e7ilmeyece\u011fini dile getiren Y\u0131lmaz, \u201cNereye kadar k\u0131s\u0131rla\u015ft\u0131r\u0131lacak? Bunun \u00f6n\u00fcne nas\u0131l ge\u00e7ecek? \u0130mkan olsa da hi\u00e7 kimsenin can\u0131 yanmasa. Usul\u00fc ve gerekeni neyse olsun\u201d diye konu\u015ftu.<\/p>\n<p>\u00a0<\/p>\n\n<p>Kaynak :\u00a0<span style=\"background-color: rgb(255, 249, 236); color: rgb(55, 58, 60); font-size: 14px;\">http:\/\/www.milliyet.com.tr\/gundem\/kopek-saldirisinda-olumden-dondu-acili-baba-kendi-cocuklarinin-parcalanmasini-isterler-miydi-7134109<\/span><\/p>\n","protected":false},"excerpt":{"rendered":"<p>Ankara\u2019n\u0131n Ke\u00e7i\u00f6ren il\u00e7esinde sokak k\u00f6peklerinin sald\u0131r\u0131s\u0131na u\u011frayan Tunahan Y\u0131lmaz\u2019\u0131n babas\u0131 Halil Y\u0131lmaz, yap\u0131lan yeni d\u00fczenlemeye kar\u015f\u0131 \u00e7\u0131kanlara tepki g\u00f6sterdi. Y\u0131lmaz, \u201cKendi \u00e7ocuklar\u0131n\u0131n par\u00e7alanmas\u0131n\u0131 isterler miydi?\u201d dedi.<\/p>\n","protected":false},"author":1,"featured_media":8385,"comment_status":"open","ping_status":"open","sticky":false,"template":"","format":"standard","meta":{"footnotes":""},"categories":[3],"tags":[296,420,162,607,333],"class_list":["post-8384","post","type-post","status-publish","format-standard","has-post-thumbnail","hentry","category-genel","tag-cocuk","tag-insan","tag-kopek","tag-kopeklerin","tag-yilmaz"],"_links":{"self":[{"href":"https:\/\/ekamu.net\/index.php\/wp-json\/wp\/v2\/posts\/8384","targetHints":{"allow":["GET"]}}],"collection":[{"href":"https:\/\/ekamu.net\/index.php\/wp-json\/wp\/v2\/posts"}],"about":[{"href":"https:\/\/ekamu.net\/index.php\/wp-json\/wp\/v2\/types\/post"}],"author":[{"embeddable":true,"href":"https:\/\/ekamu.net\/index.php\/wp-json\/wp\/v2\/users\/1"}],"replies":[{"embeddable":true,"href":"https:\/\/ekamu.net\/index.php\/wp-json\/wp\/v2\/comments?post=8384"}],"version-history":[{"count":1,"href":"https:\/\/ekamu.net\/index.php\/wp-json\/wp\/v2\/posts\/8384\/revisions"}],"predecessor-version":[{"id":8387,"href":"https:\/\/ekamu.net\/index.php\/wp-json\/wp\/v2\/posts\/8384\/revisions\/8387"}],"wp:featuredmedia":[{"embeddable":true,"href":"https:\/\/ekamu.net\/index.php\/wp-json\/wp\/v2\/media\/8385"}],"wp:attachment":[{"href":"https:\/\/ekamu.net\/index.php\/wp-json\/wp\/v2\/media?parent=8384"}],"wp:term":[{"taxonomy":"category","embeddable":true,"href":"https:\/\/ekamu.net\/index.php\/wp-json\/wp\/v2\/categories?post=8384"},{"taxonomy":"post_tag","embeddable":true,"href":"https:\/\/ekamu.net\/index.php\/wp-json\/wp\/v2\/tags?post=8384"}],"curies":[{"name":"wp","href":"https:\/\/api.w.org\/{rel}","templated":true}]}}