{"id":84338,"date":"2024-10-07T12:48:05","date_gmt":"2024-10-07T12:48:05","guid":{"rendered":"https:\/\/ekamu.net\/?p=84338"},"modified":"2024-10-07T12:48:05","modified_gmt":"2024-10-07T12:48:05","slug":"teknofest-adana-sona-erdi-iste-tum-yasananlar","status":"publish","type":"post","link":"https:\/\/ekamu.net\/index.php\/2024\/10\/07\/teknofest-adana-sona-erdi-iste-tum-yasananlar\/","title":{"rendered":"TEKNOFEST Adana sona erdi: \u0130\u015fte t\u00fcm ya\u015fananlar"},"content":{"rendered":"<p><figure> <span> <img decoding=\"async\" src=\"https:\/\/ekamu.net\/wp-content\/uploads\/2024\/10\/teknofest-adana-sona-erdi-iste-tum-yasananlar-0-5qZ7xh28.jpg\"\/> <\/span> <strong>T\u00fcrkiye Teknoloji Tak\u0131m\u0131 Vakf\u0131<\/strong> ile <strong>Sanayi ve Teknoloji Bakanl\u0131\u011f\u0131n\u0131n<\/strong> ana y\u00fcr\u00fct\u00fcc\u00fcl\u00fc\u011f\u00fcnde ger\u00e7ekle\u015ftirilen, Anadolu Ajans\u0131n\u0131n (AA) global ileti\u015fim orta\u011f\u0131 oldu\u011fu <strong>festival<\/strong> son g\u00fcn\u00fcnde de ziyaret\u00e7ilerini a\u011f\u0131rlad\u0131. <\/figure>\n<p><b>TEKNOFEST Adana&#8217;y\u0131 1 milyon 100 bin ki\u015fi ziyaret etti<\/b><\/p>\n<p>Adana Havaliman\u0131&#8217;nda 2 Ekim&#8217;de ba\u015flayan festival, 5 g\u00fcn boyunca \u00e7ok say\u0131da bilim, k\u00fclt\u00fcr ve sanat etkinli\u011fine ev sahipli\u011fi yapt\u0131. Festivale, 4 Ekim&#8217;de <strong>Cumhurba\u015fkan\u0131 Recep Tayyip Erdo\u011fan<\/strong> da kat\u0131ld\u0131. \u00d6zel kurumlar\u0131n ve kamu kurumlar\u0131n\u0131n a\u00e7t\u0131\u011f\u0131 stantlarda, geli\u015ftirilen teknolojiler Adanal\u0131lara ve \u00e7evre illerden gelen kat\u0131l\u0131mc\u0131lara tan\u0131t\u0131ld\u0131.<\/p>\n<p>Etkinlikler kapsam\u0131nda ziyaret\u00e7iler, Adana semalar\u0131n\u0131 renklendiren T\u00fcrk Y\u0131ld\u0131zlar\u0131, <strong>SOLOT\u00dcRK<\/strong>, Jandarma \u00c7elik Kanatlar, F-16 u\u00e7aklar\u0131, atak helikopteri ve paramotorlar\u0131n g\u00f6ky\u00fcz\u00fcndeki g\u00f6sterilerini izleme \u015fans\u0131 buldu. Festivalde, para\u015f\u00fctle atlay\u0131\u015f ve helikopterle havadan tahliye gibi heyecanl\u0131 g\u00f6steriler de ger\u00e7ekle\u015ftirildi.<\/p>\n<p>Akrobasi g\u00f6sterilerinden ileri teknoloji sim\u00fclasyonlar, bilimsel at\u00f6lyeler ve sergilere kadar her ya\u015ftan vatanda\u015f i\u00e7in etkinlik program\u0131n\u0131n yap\u0131ld\u0131\u011f\u0131 festivale \u00e7ok say\u0131da ziyaret\u00e7i kat\u0131ld\u0131. \u00c7ocuklara y\u00f6nelik bilim g\u00f6sterileri, m\u00fczikaller ve bilgi yar\u0131\u015fmalar\u0131n\u0131n d\u00fczenlendi\u011fi etkinlikte, <strong>TEKNOFEST<\/strong> kapsam\u0131nda organize edilen yar\u0131\u015fmalarda dereceye girenlere \u00f6d\u00fclleri verildi.<\/p>\n<p><b>TEKNOFEST Adana&#8217;n\u0131n ilkleri<\/b><\/p>\n<ul>\n<li>T\u00fcrkiye&#8217;nin otomobili Togg&#8217;un ilk sedan modeli T10F, ilk kez TEKNOFEST Adana&#8217;da vatanda\u015flar\u0131n be\u011fenisine sunuldu.<\/li>\n<li>T\u00fcrk Havac\u0131l\u0131k ve Uzay Sanayii (TUSA\u015e) taraf\u0131ndan milli imkanlarla geli\u015ftirilen delta kanat yap\u0131s\u0131ndaki ANKA III ve Bayraktar TB3 halka a\u00e7\u0131k ilk u\u00e7u\u015funu TEKNOFEST Adana&#8217;da ger\u00e7ekle\u015ftirdi.<\/li>\n<li>TEKNOFEST Teknoloji Yar\u0131\u015fmalar\u0131nda dereceye giren tak\u0131mlar ilk kez TEKNOFEST \u015eampiyonlar Ligi&#8217;nde yar\u0131\u015ft\u0131.<\/li>\n<li>TEKNOFEST&#8217;te kat\u0131l\u0131mc\u0131lar\u0131n &#8220;\u00c7anakkale ruhu&#8221;nu ya\u015fayabilmesi i\u00e7in ilk kez &#8220;Zaferin \u0130zinde: \u00c7anakkale Dijital Deneyim Alan\u0131&#8221; olu\u015fturuldu.<\/li>\n<\/ul>\n<p>Adana&#8217;da d\u00fczenlenen Havac\u0131l\u0131k, Uzay ve Teknoloji Festivali (TEKNOFEST) 1 milyon 100 bin ziyaret\u00e7iyi a\u011f\u0131rlad\u0131. TEKNOFEST&#8217;ten yap\u0131lan a\u00e7\u0131klamaya g\u00f6re, T\u00fcrkiye Teknoloji Tak\u0131m\u0131 Vakf\u0131 ile Sanayi ve Teknoloji Bakanl\u0131\u011f\u0131n\u0131n ana y\u00fcr\u00fct\u00fcc\u00fcl\u00fc\u011f\u00fcnde Adana Havaliman\u0131&#8217;nda d\u00fczenlenen, Anadolu Ajans\u0131n\u0131n global ileti\u015fim orta\u011f\u0131 oldu\u011fu festival tamamland\u0131.<\/p>\n<p>\u0130nsans\u0131z hava ara\u00e7lar\u0131ndan yapay zekaya, otonom sistemlerden uzay teknolojilerine kadar \u00e7ok say\u0131da alanda projelerin sergilendi\u011fi festival, 5 g\u00fcnde 1 milyon 100 bin ki\u015fi taraf\u0131ndan gezildi. Ziyaret\u00e7iler aras\u0131nda, \u00e7ocuklar\u0131n festival co\u015fkusunu ya\u015famas\u0131 i\u00e7in ba\u015flat\u0131lan &#8220;Bir \u00c7ocuk Gelsin Bir U\u00e7a\u011fa Dokunsun&#8221; projesine kat\u0131lan 40 bin \u00f6\u011frenci de yer ald\u0131.<\/p>\n\n<p><span style=\"display: block; width: 343.125px; color: rgb(55, 58, 60); font-size: 14px; background-color: rgb(255, 249, 236);\"><\/span><\/p>\n<p>Kaynak :\u00a0<span style=\"background-color: rgb(255, 249, 236); color: rgb(55, 58, 60); font-size: 14px;\">https:\/\/www.donanimhaber.com\/teknofest-adana-sona-erdi-iste-tum-yasananlar&#8211;182801<\/span><\/p>\n","protected":false},"excerpt":{"rendered":"<p>T\u00fcrkiye Teknoloji Tak\u0131m\u0131 Vakf\u0131 ile Sanayi ve Teknoloji Bakanl\u0131\u011f\u0131n\u0131n ana y\u00fcr\u00fct\u00fcc\u00fcl\u00fc\u011f\u00fcnde ger\u00e7ekle\u015ftirilen, Anadolu Ajans\u0131n\u0131n (AA) global ileti\u015fim orta\u011f\u0131 oldu\u011fu festival son g\u00fcn\u00fcnde de ziyaret\u00e7ilerini a\u011f\u0131rlad\u0131. TEKNOFEST Adana&#8217;y\u0131 1 milyon 100 bin &#8230;<\/p>\n","protected":false},"author":1,"featured_media":84339,"comment_status":"open","ping_status":"open","sticky":false,"template":"","format":"standard","meta":{"footnotes":""},"categories":[8],"tags":[4796,1455,422,423,168],"class_list":["post-84338","post","type-post","status-publish","format-standard","has-post-thumbnail","hentry","category-teknoloji","tag-adana","tag-festival","tag-hava","tag-teknofest","tag-teknoloji"],"_links":{"self":[{"href":"https:\/\/ekamu.net\/index.php\/wp-json\/wp\/v2\/posts\/84338","targetHints":{"allow":["GET"]}}],"collection":[{"href":"https:\/\/ekamu.net\/index.php\/wp-json\/wp\/v2\/posts"}],"about":[{"href":"https:\/\/ekamu.net\/index.php\/wp-json\/wp\/v2\/types\/post"}],"author":[{"embeddable":true,"href":"https:\/\/ekamu.net\/index.php\/wp-json\/wp\/v2\/users\/1"}],"replies":[{"embeddable":true,"href":"https:\/\/ekamu.net\/index.php\/wp-json\/wp\/v2\/comments?post=84338"}],"version-history":[{"count":1,"href":"https:\/\/ekamu.net\/index.php\/wp-json\/wp\/v2\/posts\/84338\/revisions"}],"predecessor-version":[{"id":84341,"href":"https:\/\/ekamu.net\/index.php\/wp-json\/wp\/v2\/posts\/84338\/revisions\/84341"}],"wp:featuredmedia":[{"embeddable":true,"href":"https:\/\/ekamu.net\/index.php\/wp-json\/wp\/v2\/media\/84339"}],"wp:attachment":[{"href":"https:\/\/ekamu.net\/index.php\/wp-json\/wp\/v2\/media?parent=84338"}],"wp:term":[{"taxonomy":"category","embeddable":true,"href":"https:\/\/ekamu.net\/index.php\/wp-json\/wp\/v2\/categories?post=84338"},{"taxonomy":"post_tag","embeddable":true,"href":"https:\/\/ekamu.net\/index.php\/wp-json\/wp\/v2\/tags?post=84338"}],"curies":[{"name":"wp","href":"https:\/\/api.w.org\/{rel}","templated":true}]}}