{"id":8456,"date":"2024-05-31T07:00:16","date_gmt":"2024-05-31T07:00:16","guid":{"rendered":"https:\/\/ekamu.net\/?p=8456"},"modified":"2024-05-31T07:00:16","modified_gmt":"2024-05-31T07:00:16","slug":"sivasta-kopek-dehseti-3-yildir-hem-acisi-hem-de-tedavisi-suruyor","status":"publish","type":"post","link":"https:\/\/ekamu.net\/index.php\/2024\/05\/31\/sivasta-kopek-dehseti-3-yildir-hem-acisi-hem-de-tedavisi-suruyor\/","title":{"rendered":"Sivas&#8217;ta k\u00f6pek deh\u015feti! 3 y\u0131ld\u0131r hem ac\u0131s\u0131 hem de tedavisi s\u00fcr\u00fcyor"},"content":{"rendered":"<p><p>Sivas\u2019ta 12 Mart 2022 tarihide bir k\u00f6pe\u011fin sald\u0131r\u0131s\u0131ndan ka\u00e7t\u0131\u011f\u0131 s\u0131rada otomobilin \u00e7arpmas\u0131 sonucu yaralanan Ulu Baran Kalemk\u00f6y\u2019\u00fcn babas\u0131 konu\u015ftu. V\u00fccudunun bir\u00e7ok yerinde k\u0131r\u0131klar olu\u015fan ve bir s\u00fcre hastanede tedavi g\u00f6ren \u00e7ocu\u011fun, babas\u0131 Yusuf Kalemk\u00f6y, \u201c\u00dc\u00e7 senedir tedavi s\u00fcrecimiz devam ediyor. Bu durum bizi y\u0131prat\u0131yor\u201d dedi.<\/p>\n<p><strong>\u201cSOL AYA\u011eINDA AKSAMA VAR\u201d<\/strong><\/p>\n<p>Kazada yaralanan \u00e7ocu\u011fun babas\u0131 Yusuf Kalemk\u00f6y olay\u0131 anlatt\u0131. Kaza haberini e\u015finden ald\u0131\u011f\u0131n\u0131 s\u00f6yleyen Kalemk\u00f6y, \u201cBen olay\u0131n asl\u0131n\u0131 hastaneye gitti\u011fimde \u00f6\u011frendim. \u00c7ocuk normal yolunda giderken k\u00f6pek \u00e7ocu\u011fu kovalamaya ba\u015flad\u0131\u011f\u0131 s\u0131ra \u00e7ocukta bilin\u00e7siz bir \u015fekilde yola \u00e7\u0131k\u0131yor. \u00c7\u0131kt\u0131\u011f\u0131 anda da trafik kazas\u0131 meydana geliyor. 3 senedir tedavi s\u00fcrecimiz devam ediyor. Halen kontrollerimiz var. Zor bir olay, bizi de y\u0131prat\u0131yor bu durum. \u015euan sol aya\u011f\u0131nda biraz aksamas\u0131 var. Allah\u2019\u0131m da nasip ederse d\u00fczelecek durumumuz. Hocalar\u0131m\u0131z ilerleyen y\u0131llarda bunlar\u0131nda kalmayaca\u011f\u0131n\u0131 s\u00f6yl\u00fcyor ancak, bizim ac\u0131m\u0131z i\u00e7imizde kald\u0131. O g\u00fcnleri unutmak imk\u00e2ns\u0131z bir durum bizim i\u00e7in\u201d dedi.<\/p>\n<div>\n<div> <img decoding=\"async\" src=\"https:\/\/ekamu.net\/wp-content\/uploads\/2024\/05\/sivasta-kopek-dehseti-3-yildir-hem-acisi-hem-de-tedavisi-suruyor-0-WJz7z7nC.jpg\"\/><\/img> <\/div>\n<\/p><\/div>\n<\/p>\n<p><strong>&#8220;ATE\u015e D\u00dc\u015eT\u00dc\u011e\u00dc YER\u0130 YAKIYOR&#8221;<\/strong><\/p>\n<p>Olu\u015fturulacak yeni yasayla ilgili fikrini anlatan Yusuf Kalemk\u00f6y, \u201cBu hayvanlar a\u011f\u0131z\u0131 olup da dili olmayan, konu\u015famayan hayvanlar. Bizim bu konuda \u00f6ncelikle iyi niyetli olmam\u0131z laz\u0131m. Onlar Allahuteala\u2019n\u0131n dilsiz melekleri. Burada ate\u015f d\u00fc\u015ft\u00fc\u011f\u00fc yeri yak\u0131yor. B\u00fcy\u00fcklerimiz daha iyi bilir ama bunun \u015f\u00f6yle bir yolu da olabilir. G\u00fczel bir yerde bar\u0131nak tarz\u0131nda hayvanlar\u0131 alsalar, toplasalar, topluma kazand\u0131rma projesi yapsalar. Halk\u0131m\u0131z da hafta sonlar\u0131 gitseler, \u00e7ocuklar\u0131m\u0131z da hayvanlarla i\u00e7li d\u0131\u015fl\u0131 olsalar, alsak yemlerini g\u00f6t\u00fcrsek bizim daha iyi olur. Ben bar\u0131naklarda bak\u0131lmas\u0131n\u0131n istiyorum\u201d ifadelerine yer verdi.<\/p>\n\n<p>Kaynak :\u00a0<span style=\"background-color: rgb(255, 249, 236); color: rgb(55, 58, 60); font-size: 14px;\">http:\/\/www.milliyet.com.tr\/gundem\/sivasta-kopek-dehseti-3-yildir-hem-acisi-hem-de-tedavisi-suruyor-7134120<\/span><\/p>\n","protected":false},"excerpt":{"rendered":"<p>Sivas\u2019ta k\u00f6pe\u011fin sald\u0131r\u0131s\u0131 sonras\u0131 otomobilin \u00e7arpt\u0131\u011f\u0131 \u00e7ocu\u011fun ac\u0131l\u0131 babas\u0131 konu\u015ftu. 3 y\u0131ld\u0131r tedavilerinin s\u00fcrd\u00fc\u011f\u00fcn\u00fc a\u00e7\u0131klayan baba, \u201cAte\u015f d\u00fc\u015ft\u00fc\u011f\u00fc yeri yak\u0131yor, ben bar\u0131naklarda bak\u0131lmas\u0131n\u0131n istiyorum\u201d dedi.<\/p>\n","protected":false},"author":1,"featured_media":8457,"comment_status":"open","ping_status":"open","sticky":false,"template":"","format":"standard","meta":{"footnotes":""},"categories":[3],"tags":[612],"class_list":["post-8456","post","type-post","status-publish","format-standard","has-post-thumbnail","hentry","category-genel","tag-bizi"],"_links":{"self":[{"href":"https:\/\/ekamu.net\/index.php\/wp-json\/wp\/v2\/posts\/8456","targetHints":{"allow":["GET"]}}],"collection":[{"href":"https:\/\/ekamu.net\/index.php\/wp-json\/wp\/v2\/posts"}],"about":[{"href":"https:\/\/ekamu.net\/index.php\/wp-json\/wp\/v2\/types\/post"}],"author":[{"embeddable":true,"href":"https:\/\/ekamu.net\/index.php\/wp-json\/wp\/v2\/users\/1"}],"replies":[{"embeddable":true,"href":"https:\/\/ekamu.net\/index.php\/wp-json\/wp\/v2\/comments?post=8456"}],"version-history":[{"count":1,"href":"https:\/\/ekamu.net\/index.php\/wp-json\/wp\/v2\/posts\/8456\/revisions"}],"predecessor-version":[{"id":8459,"href":"https:\/\/ekamu.net\/index.php\/wp-json\/wp\/v2\/posts\/8456\/revisions\/8459"}],"wp:featuredmedia":[{"embeddable":true,"href":"https:\/\/ekamu.net\/index.php\/wp-json\/wp\/v2\/media\/8457"}],"wp:attachment":[{"href":"https:\/\/ekamu.net\/index.php\/wp-json\/wp\/v2\/media?parent=8456"}],"wp:term":[{"taxonomy":"category","embeddable":true,"href":"https:\/\/ekamu.net\/index.php\/wp-json\/wp\/v2\/categories?post=8456"},{"taxonomy":"post_tag","embeddable":true,"href":"https:\/\/ekamu.net\/index.php\/wp-json\/wp\/v2\/tags?post=8456"}],"curies":[{"name":"wp","href":"https:\/\/api.w.org\/{rel}","templated":true}]}}