{"id":85721,"date":"2024-10-12T10:24:05","date_gmt":"2024-10-12T10:24:05","guid":{"rendered":"https:\/\/ekamu.net\/?p=85721"},"modified":"2024-10-12T10:24:05","modified_gmt":"2024-10-12T10:24:05","slug":"carklar-firtinanin-merkezinde","status":"publish","type":"post","link":"https:\/\/ekamu.net\/index.php\/2024\/10\/12\/carklar-firtinanin-merkezinde\/","title":{"rendered":"\u00c7arklar F\u0131rt\u0131nan\u0131n Merkezinde"},"content":{"rendered":"<div>\n<p>T\u00fcrkiye \u0130statistik Kurumu verilerine g\u00f6re Eyl\u00fcl ay\u0131nda t\u00fcketici fiyatlar\u0131 bir \u00f6nceki y\u0131l\u0131n ayn\u0131 d\u00f6nemine g\u00f6re y\u00fczde 49,38, ayl\u0131k bazda y\u00fczde 2,97 art\u0131\u015f kaydetti. Ayl\u0131k bazda beklenti \u00fcst\u00fc gelen enflasyon verisi sonras\u0131 bir\u00e7ok yabanc\u0131 kurum, TCMB\u2019den ilk faiz indirim beklentilerini \u00f6telerken, enflasyon tahminlerinde de revizeye gitti. \u00d6te yandan A\u011fustos ay\u0131 sanayi \u00fcretim verisi ve Eyl\u00fcl ay\u0131 imalat PMI rakamlar\u0131 pandemiden bu yana en sert daralmaya i\u015faret ediyor.<\/p>\n<p>\u0130stihdam taraf\u0131na bakt\u0131\u011f\u0131m\u0131zda ise man\u015fet i\u015fsizlik y\u00fczde 8,5\u2019e geriliyor ancak at\u0131l i\u015fg\u00fcc\u00fc oran\u0131nda yukar\u0131 y\u00f6nl\u00fc bir seyir izleniyor.<\/p>\n<\/div>\n<div>\n<p>\u0130hracat iklim endeksinde 50,5 ile \u0131l\u0131ml\u0131 bir iyile\u015fme izlenirken y\u0131l\u0131n en d\u00fc\u015f\u00fck seviyesine gerilemesi dikkat \u00e7ekti.<\/p>\n<p>Talep taraf\u0131nda takip edilen t\u00fcketim mal\u0131 ithalat\u0131 ise Eyl\u00fcl ay\u0131nda bir \u00f6nceki y\u0131l\u0131n ayn\u0131 d\u00f6nemine g\u00f6re y\u00fczde 12,1 art\u0131\u015fla 4,2 milyar dolara y\u00fckselerek rekor k\u0131rd\u0131.<\/p>\n<p><span>Dilan Erdemir\u2019in haberinin<\/span><span><strong> devam\u0131 Bloomberg Businessweek T\u00fcrkiye&#8217;de!<\/strong><\/span><\/p>\n<p><span><strong>D\u00fcnyan\u0131n en sayg\u0131n ekonomi dergilerinden Bloomberg Businessweek art\u0131k Bloomberg HT ekibi taraf\u0131ndan haz\u0131rlanan i\u00e7erikleriyle T\u00fcrkiye\u2019de! T\u00fcrkiye ve k\u00fcresel piyasalarda t\u00fcm olup bitenler, hisse senedinden para politikas\u0131na hi\u00e7bir yerde bulamayaca\u011f\u0131n\u0131z analizler, i\u00e7erikler ve i\u015f d\u00fcnyas\u0131 temsilcileriyle \u00f6zel r\u00f6portajlarla Bloomberg Businessweek T\u00fcrkiye, e-dergi format\u0131 ve yenilenen i\u00e7eri\u011fiyle yay\u0131nda!<\/strong><\/span><\/p>\n<p><span><strong>T\u00fcm i\u00e7eriklere eri\u015fmek i\u00e7in t\u0131klay\u0131n\u0131z.<\/strong><\/span><\/p>\n<\/div>\n<\/p>\n<p><\/p>\n<p>Kaynak :\u00a0<span style=\"background-color: rgb(255, 249, 236); color: rgb(55, 58, 60); font-size: 14px;\">Bloomberg HT<\/span><\/p>\n<p><span style=\"display: block; width: 343.125px; color: rgb(55, 58, 60); font-size: 14px; background-color: rgb(255, 249, 236);\"><\/span><\/p>\n","protected":false},"excerpt":{"rendered":"<p>Salg\u0131n d\u00f6nemi seviyesine gerileyen PMI verisi ve deprem d\u00f6nemindeki kadar daralma g\u00f6steren sanayi \u00fcretimi, reel sekt\u00f6r\u00fcn yava\u015flamas\u0131na dair resmi berrak hale getirdi. Kas\u0131m ay\u0131nda faiz indirimi ile ba\u015flayabilecek\u201cyumu\u015fak ini\u015f\u201d senaryolar\u0131 ise y\u00fcksek&#8230;<\/p>\n","protected":false},"author":1,"featured_media":85722,"comment_status":"open","ping_status":"open","sticky":false,"template":"","format":"standard","meta":{"footnotes":""},"categories":[2],"tags":[80],"class_list":["post-85721","post","type-post","status-publish","format-standard","has-post-thumbnail","hentry","category-ekonomi","tag-turkiye"],"_links":{"self":[{"href":"https:\/\/ekamu.net\/index.php\/wp-json\/wp\/v2\/posts\/85721","targetHints":{"allow":["GET"]}}],"collection":[{"href":"https:\/\/ekamu.net\/index.php\/wp-json\/wp\/v2\/posts"}],"about":[{"href":"https:\/\/ekamu.net\/index.php\/wp-json\/wp\/v2\/types\/post"}],"author":[{"embeddable":true,"href":"https:\/\/ekamu.net\/index.php\/wp-json\/wp\/v2\/users\/1"}],"replies":[{"embeddable":true,"href":"https:\/\/ekamu.net\/index.php\/wp-json\/wp\/v2\/comments?post=85721"}],"version-history":[{"count":1,"href":"https:\/\/ekamu.net\/index.php\/wp-json\/wp\/v2\/posts\/85721\/revisions"}],"predecessor-version":[{"id":85723,"href":"https:\/\/ekamu.net\/index.php\/wp-json\/wp\/v2\/posts\/85721\/revisions\/85723"}],"wp:featuredmedia":[{"embeddable":true,"href":"https:\/\/ekamu.net\/index.php\/wp-json\/wp\/v2\/media\/85722"}],"wp:attachment":[{"href":"https:\/\/ekamu.net\/index.php\/wp-json\/wp\/v2\/media?parent=85721"}],"wp:term":[{"taxonomy":"category","embeddable":true,"href":"https:\/\/ekamu.net\/index.php\/wp-json\/wp\/v2\/categories?post=85721"},{"taxonomy":"post_tag","embeddable":true,"href":"https:\/\/ekamu.net\/index.php\/wp-json\/wp\/v2\/tags?post=85721"}],"curies":[{"name":"wp","href":"https:\/\/api.w.org\/{rel}","templated":true}]}}