{"id":85732,"date":"2024-10-12T11:24:06","date_gmt":"2024-10-12T11:24:06","guid":{"rendered":"https:\/\/ekamu.net\/?p=85732"},"modified":"2024-10-12T11:24:06","modified_gmt":"2024-10-12T11:24:06","slug":"cumhurbaskani-erdogandan-kabinede-degisim-mesaji","status":"publish","type":"post","link":"https:\/\/ekamu.net\/index.php\/2024\/10\/12\/cumhurbaskani-erdogandan-kabinede-degisim-mesaji\/","title":{"rendered":"Cumhurba\u015fkan\u0131 Erdo\u011fan\u2019dan Kabine\u2019de de\u011fi\u015fim mesaj\u0131"},"content":{"rendered":"<div>\n<p>Erdo\u011fan, Arnavutluk ve S\u0131rbistan&#8217;a ger\u00e7ekle\u015ftirdi\u011fi resmi ziyaretlerin ard\u0131ndan d\u00f6n\u00fc\u015f\u00fcnde u\u00e7akta gazetecilere a\u00e7\u0131klamalarda bulundu ve sorular\u0131 yan\u0131tlad\u0131.<\/p>\n<p>Tar\u0131m ve Orman Bakanl\u0131\u011f\u0131n\u0131n son g\u00fcnlerde yapt\u0131\u011f\u0131 g\u0131da denetimleri hat\u0131rlat\u0131larak, &#8220;Bu m\u00fccadeleyi siz nas\u0131l kar\u015f\u0131l\u0131yorsunuz? \u0130kincisi de bir k\u00f6fteci zinciri var. \u00d6nce &#8216;Kollan\u0131yor&#8217; denildi, sonra if\u015fa edildi. \u015eimdi de &#8216;Haks\u0131zl\u0131k yap\u0131l\u0131yor&#8217; deniyor. Tam bir tart\u0131\u015fman\u0131n g\u00f6be\u011finde o k\u00f6fteci zinciri. O tart\u0131\u015fmalar\u0131 da izliyor musunuz? Ne d\u00fc\u015f\u00fcn\u00fcyorsunuz?&#8221; sorusu \u00fczerine Cumhurba\u015fkan\u0131 Erdo\u011fan, T\u00fcrkiye&#8217;de 724 bin g\u0131da i\u015fletmesi bulundu\u011funu belirterek, &#8220;Bunlar \u00fcretenler, satanlar, da\u011f\u0131tanlar. Bunlar her y\u0131l Tar\u0131m ve Orman Bakanl\u0131\u011f\u0131 taraf\u0131ndan mutlaka bir kez denetlenir.&#8221; bilgisini payla\u015ft\u0131.<\/p>\n<\/div>\n<div>\n<p>Bu y\u0131l denetimlerin say\u0131s\u0131n\u0131n 1 milyona yakla\u015ft\u0131\u011f\u0131n\u0131 bildiren Cumhurba\u015fkan\u0131 Erdo\u011fan, \u015f\u00f6yle konu\u015ftu:<\/p>\n<p>&#8220;Tar\u0131m ve Orman Bakanl\u0131\u011f\u0131m\u0131z bir s\u0131k\u0131nt\u0131 tespit edildi\u011fi anda bunlar\u0131 elektronik olarak anl\u0131k takip edilebilecek bir hale getirdi. S\u00f6z\u00fcn\u00fc etti\u011finiz k\u00f6ftecideki denetimde Ankara\u2019da iki \u015fubede uygunsuz g\u0131da tespiti yap\u0131l\u0131yor. Savc\u0131l\u0131\u011fa su\u00e7 duyurusunda bulunuluyor. \u0130tiraz s\u00fcre\u00e7leri oluyor. Mahkeme, bakanl\u0131\u011f\u0131m\u0131z\u0131n karar\u0131n\u0131 \u00f6nce iptal ediyor, bakanl\u0131k taraf\u0131ndan bu karara itiraz edildi\u011finde bu kez itirazlar kabul ediliyor. Yarg\u0131 s\u00fcreci tamamland\u0131\u011f\u0131nda ve kesinle\u015fti\u011finde de bu denetim raporu yay\u0131mlan\u0131yor. Bakanl\u0131\u011f\u0131m\u0131z\u0131n yapm\u0131\u015f oldu\u011fu idari i\u015flemler de yarg\u0131sal denetim <b>alt\u0131nda<\/b>d\u0131r. Herkesin de kendini savunma hakk\u0131 bulunuyor. Netice itibar\u0131yla mahkeme nihai karar\u0131 veriyor, bakanl\u0131k da denetimin sonucunu yay\u0131ml\u0131yor. Bu denetimlerimiz devam edecek, devam ediyor. Sonu\u00e7 itibar\u0131yla g\u0131da konusu hakikaten ciddiye al\u0131nmas\u0131 gereken bir husus.&#8221;<\/p>\n<p><b>\u201cBaz\u0131 de\u011fi\u015fiklikler olabilir\u201d<\/b><\/p>\n<p>\u200b\u200b\u200b\u200b\u200b\u200b\u200bAK Parti&#8217;de bir de\u011fi\u015fim s\u00fcreci ya\u015fand\u0131\u011f\u0131 belirtilerek, &#8220;Siz de defaatle bir yenilenme olaca\u011f\u0131n\u0131 s\u00f6yl\u00fcyorsunuz. Peki de\u011fi\u015fim sadece kadrolarda m\u0131 olacak, yoksa parti program\u0131nda, parti t\u00fcz\u00fc\u011f\u00fcnde bir de\u011fi\u015fim de g\u00f6r\u00fcr m\u00fcy\u00fcz?&#8221; sorusu \u00fczerine Cumhurba\u015fkan\u0131 Erdo\u011fan, \u015fu bilgileri verdi:\u200b\u200b\u200b\u200b\u200b\u200b\u200b<\/p>\n<p>&#8220;Bizim parti program\u0131 zaten s\u00fcrekli olarak hep de\u011fi\u015fime tabidir. Ama bunun yan\u0131nda da tabii idari mekanizmalarda, partimiz i\u00e7erisinde baz\u0131 de\u011fi\u015fiklikler olabilir. Genel ba\u015fkan yard\u0131mc\u0131lar\u0131nda ayn\u0131 \u015fekilde de\u011fi\u015fiklikler olabilir. Kabinemizde biliyorsunuz iki arkada\u015f\u0131m\u0131z de\u011fi\u015fime tabi oldu. \u015eimdi bu yeni s\u00fcre\u00e7te de hem genel ba\u015fkan yard\u0131mc\u0131lar\u0131nda baz\u0131 de\u011fi\u015fiklikler olabilece\u011fi gibi ayn\u0131 \u015fekilde kabinede de duruma g\u00f6re de\u011ferlendirmelerimizi yapar\u0131z. Orada da baz\u0131 de\u011fi\u015fiklikler olabilir.&#8221;<\/p>\n<\/div>\n<\/p>\n<p><\/p>\n<p>Kaynak :\u00a0<span style=\"background-color: rgb(255, 249, 236); color: rgb(55, 58, 60); font-size: 14px;\">Bloomberg HT<\/span><\/p>\n<p><span style=\"display: block; width: 343.125px; color: rgb(55, 58, 60); font-size: 14px; background-color: rgb(255, 249, 236);\"><\/span><\/p>\n","protected":false},"excerpt":{"rendered":"<p>Cumhurba\u015fkan\u0131 Recep Tayyip Erdo\u011fan, &#8220;Kabinemizde biliyorsunuz iki arkada\u015f\u0131m\u0131z de\u011fi\u015fime tabi oldu. \u015eimdi bu yeni s\u00fcre\u00e7te de hem genel ba\u015fkan yard\u0131mc\u0131lar\u0131nda baz\u0131 de\u011fi\u015fiklikler olabilece\u011fi gibi ayn\u0131 \u015fekilde kabinede de duruma g\u00f6re&#8230;<\/p>\n","protected":false},"author":1,"featured_media":85733,"comment_status":"open","ping_status":"open","sticky":false,"template":"","format":"standard","meta":{"footnotes":""},"categories":[2],"tags":[1114,5127,1825,2100,164],"class_list":["post-85732","post","type-post","status-publish","format-standard","has-post-thumbnail","hentry","category-ekonomi","tag-bakanligi","tag-degisiklikler","tag-degisim","tag-denetim","tag-parti"],"_links":{"self":[{"href":"https:\/\/ekamu.net\/index.php\/wp-json\/wp\/v2\/posts\/85732","targetHints":{"allow":["GET"]}}],"collection":[{"href":"https:\/\/ekamu.net\/index.php\/wp-json\/wp\/v2\/posts"}],"about":[{"href":"https:\/\/ekamu.net\/index.php\/wp-json\/wp\/v2\/types\/post"}],"author":[{"embeddable":true,"href":"https:\/\/ekamu.net\/index.php\/wp-json\/wp\/v2\/users\/1"}],"replies":[{"embeddable":true,"href":"https:\/\/ekamu.net\/index.php\/wp-json\/wp\/v2\/comments?post=85732"}],"version-history":[{"count":1,"href":"https:\/\/ekamu.net\/index.php\/wp-json\/wp\/v2\/posts\/85732\/revisions"}],"predecessor-version":[{"id":85734,"href":"https:\/\/ekamu.net\/index.php\/wp-json\/wp\/v2\/posts\/85732\/revisions\/85734"}],"wp:featuredmedia":[{"embeddable":true,"href":"https:\/\/ekamu.net\/index.php\/wp-json\/wp\/v2\/media\/85733"}],"wp:attachment":[{"href":"https:\/\/ekamu.net\/index.php\/wp-json\/wp\/v2\/media?parent=85732"}],"wp:term":[{"taxonomy":"category","embeddable":true,"href":"https:\/\/ekamu.net\/index.php\/wp-json\/wp\/v2\/categories?post=85732"},{"taxonomy":"post_tag","embeddable":true,"href":"https:\/\/ekamu.net\/index.php\/wp-json\/wp\/v2\/tags?post=85732"}],"curies":[{"name":"wp","href":"https:\/\/api.w.org\/{rel}","templated":true}]}}