{"id":87997,"date":"2025-04-30T21:00:14","date_gmt":"2025-04-30T21:00:14","guid":{"rendered":"https:\/\/ekamu.net\/?p=87997"},"modified":"2025-04-30T21:00:14","modified_gmt":"2025-04-30T21:00:14","slug":"teknik-direktorumuz-okan-buruk-hak-ettigimiz-bir-galibiyetti","status":"publish","type":"post","link":"https:\/\/ekamu.net\/index.php\/2025\/04\/30\/teknik-direktorumuz-okan-buruk-hak-ettigimiz-bir-galibiyetti\/","title":{"rendered":"Teknik Direkt\u00f6r\u00fcm\u00fcz Okan Buruk: &#8220;Hak etti\u011fimiz bir galibiyetti&#8221;"},"content":{"rendered":"<p>Galatasaray Futbol A Tak\u0131m\u0131 Teknik Direkt\u00f6r\u00fc Okan Buruk, Trendyok S\u00fcper Lig&#8217;de Be\u015fikta\u015f&#8217;\u0131 2-1 ma\u011flup etti\u011fimiz ma\u00e7 sonras\u0131nda yay\u0131nc\u0131 kurulu\u015fa a\u00e7\u0131klamalarda bulundu.<\/p>\n<p><p><strong>Hocam\u0131z\u0131n de\u011ferlendirmeleri \u015fu \u015fekilde:<\/strong><\/p>\n<p><em>&#8220;Psikolojik anlamda \u00e7ok \u00f6nemli bir ma\u00e7t\u0131. Bug\u00fcn kazand\u0131\u011f\u0131m\u0131z takdirde 8 puanl\u0131k bir fark oluyordu. Bay haftas\u0131na giriyoruz. \u015eu an en yak\u0131n rakibimiz Samsunspor. Onlarla 6 puan fark var. Be\u015fikta\u015f ve Fenerbah\u00e7e ile 8 puan var. Bay haftas\u0131ndan sonra fark daha belirgin \u015fekilde ortaya \u00e7\u0131kacak. Bug\u00fcn kazanmak istiyorduk. Galatasaray tak\u0131m\u0131 benim 2,5 senelik d\u00f6nemimde \u00e7ok fazla derbi kazand\u0131. Derbi oynamaya al\u0131\u015fk\u0131n bir tak\u0131m\u0131z. Buradaki konsantrasyonumuz, iste\u011fimiz, derbi ma\u00e7lara odaklanmam\u0131z \u00e7ok daha farkl\u0131 oluyor.&#8221;<\/em><\/p>\n<p><em>&#8220;Be\u015fikta\u015f gibi bir rakibe \u00e7ok fazla net pozisyon vermeden ma\u00e7\u0131 bitirdik. Yedi\u011fimiz gol uzaktan bir \u015futla geldi. Ge\u00e7i\u015f h\u00fccumlar\u0131 oldu. Topu ilk defa bu kadar bir rakibe verdik. \u0130ki forvet oynad\u0131\u011f\u0131m\u0131z zaman biraz daha Ndour bo\u015f kald\u0131. Yine Rafa\u2019n\u0131n Joao Mario ile birlikte hareketlilikleri oldu. Ayaklar\u0131na \u00e7ok iyi birbirlerine yak\u0131n oynayan bir tak\u0131md\u0131. Oyun i\u00e7erisinde zorland\u0131\u011f\u0131m\u0131z yerler belki buralar oldu.&#8221;<\/em><\/p>\n<p><strong>&#8220;RAK\u0130B\u0130M\u0130ZE \u00c7OK POZ\u0130SYON VERMED\u0130K&#8221;<\/strong><\/p>\n<p><em>&#8220;Orijinal bir sol bekle oynamad\u0131k. Bar\u0131\u015f\u2019\u0131n ge\u00e7en sene \u00e7ok iyi oynad\u0131\u011f\u0131 ma\u00e7lar vard\u0131. B\u00f6lge de\u011fi\u015ftirdik\u00e7e bazen oyuncular\u0131n performans\u0131 de\u011fi\u015fiyor ama oyunun devam\u0131nda daha iyi oynad\u0131. \u0130kinci yar\u0131 sa\u011f tarafa ge\u00e7ince \u00e7ok daha iyi oynad\u0131. Oyun i\u00e7inde 4-4-2 oynayan bir tak\u0131ma g\u00f6re \u00e7ok rakibimize pozisyon vermedik. Ma\u00e7 i\u00e7inde 2-0\u2019\u0131 yakalad\u0131\u011f\u0131m\u0131zda daha \u00f6ndeydik. Rakibimize bask\u0131lara devam ettik. Yine bu b\u00f6l\u00fcmde \u00e7ok fazla pozisyon vermedik. Ma\u00e7\u0131n son dakikas\u0131nda yedi\u011fimiz golle ma\u00e7 2-1\u2019e geldi. \u00dcz\u00fclece\u011fimiz yer oras\u0131 olabilir. Hak etti\u011fimiz bir ma\u00e7 oldu\u011funu d\u00fc\u015f\u00fcn\u00fcyorum. Rakibimiz istekli ve motiveydi. O y\u00fczden bu galibiyet \u00f6nemli ve de\u011ferli. Birka\u00e7 g\u00fcn dinlenip Tottenham ma\u00e7\u0131n\u0131n haz\u0131rl\u0131klar\u0131na ba\u015flayaca\u011f\u0131z. Oyuncular\u0131ma te\u015fekk\u00fcr etmek istiyorum.&#8221;<\/em><\/p>\n<p><em>&#8220;\u00c7ok g\u00fczel bir atmosfer vard\u0131. Bir futbol kar\u015f\u0131la\u015fmas\u0131n\u0131 g\u00fczelle\u015ftiren bir taraftar vard\u0131. Oyunun i\u00e7erisindeydi. Bu yarat\u0131lan atmosfer ve iki tak\u0131m\u0131n da oynamaya \u00e7al\u0131\u015fmas\u0131yla git gelli bir ma\u00e7 oldu. Rakip ge\u00e7i\u015f h\u00fccumlar\u0131yla pozisyon bulmaya \u00e7al\u0131\u015ft\u0131. Genel olarak g\u00fczel bir ma\u00e7 oldu. \u00c7ok fazla pozisyon vermedik. Kazand\u0131\u011f\u0131m\u0131z i\u00e7in \u00e7ok mutluyuz. \u00d6nemli bir galibiyet.&#8221;<\/em><\/p>\n<p><strong>&#8220;SARA&#8217;NIN S\u0130H\u0130RL\u0130 B\u0130R SOL AYA\u011eI VAR&#8221;<\/strong><\/p>\n<p><em>&#8220;Sara\u2019n\u0131n aya\u011f\u0131 \u00e7ok iyi. Ge\u00e7en seneki asist say\u0131s\u0131na bakt\u0131\u011f\u0131m\u0131zda Championship Ligi\u2019nin en fazla asist yapan oyuncular\u0131ndan biriydi. Gol say\u0131s\u0131 \u00e7ok y\u00fcksekti. Burada hem oyun kurulumuna kat\u0131l\u0131yor hem de iyi savunma yap\u0131yor. Tak\u0131m\u0131 aya\u011fa ta\u015f\u0131yan oyunculardan biri ve duran toplar en b\u00fcy\u00fck silah\u0131. \u00c7ok sihirli bir sol aya\u011f\u0131 var. Bunu son att\u0131\u011f\u0131 paslarda ve duran toplarda \u00e7ok net bir \u015fekilde g\u00f6rd\u00fck. \u0130stedi\u011fimiz ve hayal etti\u011fimiz \u015feyler bunlard\u0131. \u00c7ok isteyerek ve inanarak ald\u0131k. O da \u00e7ok iyi niyetli. Tak\u0131ma \u00e7ok \u00e7abuk adapte oldu. Oyuncu kalitesinin yan\u0131 s\u0131ra insani kalitesi de \u00e7ok y\u00fcksek. Tak\u0131m arkada\u015flar\u0131na \u00e7ok h\u0131zl\u0131 \u015fekilde adapte oldu. \u0130yi bir profesyonel. \u00c7ok gen\u00e7 bir oyuncu. Hedefleri var. Brezilya Milli Tak\u0131m\u0131\u2019na gitme hedefi var. O da \u00e7ok \u00f6nemli bir hedef. B\u00fct\u00fcn tak\u0131m \u00e7ok do\u011fru \u015fekilde m\u00fccadele ettik.&#8221;<\/em><\/p>\n<p><strong>&#8220;ICARDI&#8217;NIN POZ\u0130SYONU&#8230;&#8221;<\/strong><\/p>\n<p><em>&#8220;\u00d6nde bask\u0131lar\u0131 iyi yapt\u0131k. Birka\u00e7 pozisyonda Ndour\u2019u kapat\u0131p \u00f6ne bask\u0131ya gidebilirdik. Onun oyun kurmas\u0131n\u0131 kolayla\u015ft\u0131rd\u0131\u011f\u0131m\u0131z yerler oldu. Bizim oynad\u0131\u011f\u0131m\u0131z oyuna g\u00f6re ilk defa 9-10 ki\u015fi topun arkas\u0131na ge\u00e7ti\u011fimiz bir oyun oldu. Bu oyun da \u00f6ne ge\u00e7tikten sonra bizim i\u00e7in g\u00fcvenliydi. H\u00fccum ge\u00e7i\u015flerini zaman zaman daha iyi yapabilirdik. \u0130kinci yar\u0131 da pozisyonlar bulup kaleye daha \u00e7ok yak\u0131n oynad\u0131k. Genel olarak bakt\u0131\u011f\u0131m\u0131zda istedi\u011fimiz bir oyundu.&#8221;<\/em><\/p>\n<p><em>&#8220;Icardi ceza sahas\u0131 i\u00e7inde darbe ald\u0131\u011f\u0131n\u0131 s\u00f6yledi. Bir darbe var gibi g\u00f6z\u00fck\u00fcyor. Onunla ilgili de de\u011ferlendirme yap\u0131lacak. Hakem vermedi. VAR da m\u00fcdahil olmad\u0131. \u0130ki tak\u0131m i\u00e7in de kolay fauller verildi veya faul olmayan pozisyonlar verildi. Verilen, verilmeyen kartlar vard\u0131. Net pozisyon olarak Icardi\u2019nin pozisyonu penalt\u0131ya daha yak\u0131nd\u0131. Bunun de\u011ferlendireceklerdir.&#8221;<\/em><\/p>\n","protected":false},"excerpt":{"rendered":"<p>Galatasaray Futbol A Tak\u0131m\u0131 Teknik Direkt\u00f6r\u00fc Okan Buruk, Trendyok S\u00fcper Lig&#8217;de Be\u015fikta\u015f&#8217;\u0131 2-1 ma\u011flup etti\u011fimiz ma\u00e7 sonras\u0131nda yay\u0131nc\u0131 kurulu\u015fa a\u00e7\u0131klamalarda bulundu.<\/p>\n","protected":false},"author":1,"featured_media":87998,"comment_status":"open","ping_status":"open","sticky":false,"template":"","format":"standard","meta":{"footnotes":""},"categories":[12],"tags":[1190,250,2570,364,3203],"class_list":["post-87997","post","type-post","status-publish","format-standard","has-post-thumbnail","hentry","category-galatasaray","tag-mac","tag-oyun","tag-pozisyon","tag-takim","tag-takimi"],"_links":{"self":[{"href":"https:\/\/ekamu.net\/index.php\/wp-json\/wp\/v2\/posts\/87997","targetHints":{"allow":["GET"]}}],"collection":[{"href":"https:\/\/ekamu.net\/index.php\/wp-json\/wp\/v2\/posts"}],"about":[{"href":"https:\/\/ekamu.net\/index.php\/wp-json\/wp\/v2\/types\/post"}],"author":[{"embeddable":true,"href":"https:\/\/ekamu.net\/index.php\/wp-json\/wp\/v2\/users\/1"}],"replies":[{"embeddable":true,"href":"https:\/\/ekamu.net\/index.php\/wp-json\/wp\/v2\/comments?post=87997"}],"version-history":[{"count":1,"href":"https:\/\/ekamu.net\/index.php\/wp-json\/wp\/v2\/posts\/87997\/revisions"}],"predecessor-version":[{"id":87999,"href":"https:\/\/ekamu.net\/index.php\/wp-json\/wp\/v2\/posts\/87997\/revisions\/87999"}],"wp:featuredmedia":[{"embeddable":true,"href":"https:\/\/ekamu.net\/index.php\/wp-json\/wp\/v2\/media\/87998"}],"wp:attachment":[{"href":"https:\/\/ekamu.net\/index.php\/wp-json\/wp\/v2\/media?parent=87997"}],"wp:term":[{"taxonomy":"category","embeddable":true,"href":"https:\/\/ekamu.net\/index.php\/wp-json\/wp\/v2\/categories?post=87997"},{"taxonomy":"post_tag","embeddable":true,"href":"https:\/\/ekamu.net\/index.php\/wp-json\/wp\/v2\/tags?post=87997"}],"curies":[{"name":"wp","href":"https:\/\/api.w.org\/{rel}","templated":true}]}}