{"id":90258,"date":"2025-05-08T00:48:05","date_gmt":"2025-05-08T00:48:05","guid":{"rendered":"https:\/\/ekamu.net\/?p=90258"},"modified":"2025-05-08T00:48:05","modified_gmt":"2025-05-08T00:48:05","slug":"tcmb-baskani-karahan-washingtonda-sunum-yapti","status":"publish","type":"post","link":"https:\/\/ekamu.net\/index.php\/2025\/05\/08\/tcmb-baskani-karahan-washingtonda-sunum-yapti\/","title":{"rendered":"TCMB Ba\u015fkan\u0131 Karahan Washington\u2019da sunum yapt\u0131"},"content":{"rendered":"<div>\n<p>Karahan, Uluslararas\u0131 Para Fonu (IMF) ve D\u00fcnya Bankas\u0131n\u0131n Washington&#8217;da yap\u0131lan y\u0131ll\u0131k toplant\u0131lar\u0131 kapsam\u0131nda, &#8220;T\u00fcrkiye&#8217;de Enflasyon G\u00f6r\u00fcn\u00fcm\u00fc&#8221; ba\u015fl\u0131kl\u0131 sunum ger\u00e7ekle\u015ftirdi.<\/p>\n<p>&#8220;Dezenflasyon s\u00fcreci do\u011fru yolda ilerliyor. Temel enflasyon trendi gerilemeye devam ediyor.&#8221; diyen Karahan, hizmet enflasyonu ve y\u00f6netilen fiyatlar\u0131n dezenflasyonun h\u0131z\u0131n\u0131 s\u0131n\u0131rlad\u0131\u011f\u0131n\u0131 aktard\u0131.<\/p>\n<p>Karahan, geriye d\u00f6n\u00fck endeksleme kapsam\u0131ndaki kalemlerin hizmet enflasyonunu art\u0131rd\u0131\u011f\u0131n\u0131 s\u00f6yledi.<\/p>\n<p>\u00d6nc\u00fc g\u00f6stergelerin kira enflasyonunda a\u015fa\u011f\u0131 y\u00f6nl\u00fc bir trend oldu\u011funu ortaya koydu\u011funu dile getiren Karahan, \u015firketlerin fiyatlama davran\u0131\u015flar\u0131n\u0131n iyile\u015fmeye devam etti\u011fini belirtti.<\/p>\n<\/div>\n<div>\n<p>Fiyat de\u011fi\u015fimlerinin g\u00f6r\u00fclme olas\u0131l\u0131\u011f\u0131n\u0131n azald\u0131\u011f\u0131n\u0131 bildiren Karahan, reel sekt\u00f6r\u00fcn enflasyona ili\u015fkin beklentilerinin iyile\u015fmeye devam etti\u011fini vurgulad\u0131.<\/p>\n<p>Karahan, ekonomik aktivitenin yava\u015flad\u0131\u011f\u0131n\u0131 aktard\u0131.<\/p>\n<p>\u0130\u00e7 talebin yava\u015flamay\u0131 s\u00fcrd\u00fcrd\u00fc\u011f\u00fcne i\u015faret eden Karahan, 12 ayl\u0131k enflasyon beklentilerinin gerilemeye devam etti\u011fini kaydetti.<\/p>\n<p>Karahan, T\u00fcrk liras\u0131 mevduat\u0131n pay\u0131n\u0131n artmay\u0131 s\u00fcrd\u00fcrd\u00fc\u011f\u00fcn\u00fc dile getirerek, T\u00fcrk liras\u0131na ge\u00e7i\u015fin y\u00fcksek olmas\u0131yla kur korumal\u0131 mevduat (KKM) hesaplar\u0131nda d\u00fc\u015f\u00fc\u015f\u00fcn devam etti\u011fini kaydetti.<\/p>\n<p>Kredi faizlerindeki d\u00fc\u015f\u00fc\u015f\u00fcn enflasyon beklentilerinde iyile\u015fmeye i\u015faret etti\u011fini vurgulayan Karahan, D\u00f6viz rezervlerinde h\u0131zl\u0131 bir art\u0131\u015f ger\u00e7ekle\u015fti\u011fini belirtti.<\/p>\n<\/div>\n<p><\/p>\n<p>Kaynak :\u00a0<span style=\"background-color: rgb(255, 249, 236); color: rgb(55, 58, 60); font-size: 14px;\">Bloomberg HT<\/span><\/p>\n<p><span style=\"display: block; width: 343.125px; color: rgb(55, 58, 60); font-size: 14px; background-color: rgb(255, 249, 236);\"><\/span><\/p>\n","protected":false},"excerpt":{"rendered":"<p>T\u00fcrkiye Cumhuriyet Merkez Bankas\u0131 (TCMB) Ba\u015fkan\u0131 Fatih Karahan, Washington&#8217;da ger\u00e7ekle\u015ftirdi\u011fi &#8220;T\u00fcrkiye\u2019de Enflasyon G\u00f6r\u00fcn\u00fcm\u00fc\u201d ba\u015fl\u0131kl\u0131 sunumunda, &#8220;Dezenflasyon s\u00fcreci do\u011fru yolda ilerliyor.&#8221; dedi.<\/p>\n","protected":false},"author":1,"featured_media":90259,"comment_status":"open","ping_status":"open","sticky":false,"template":"","format":"standard","meta":{"footnotes":""},"categories":[2],"tags":[44,5386,1292],"class_list":["post-90258","post","type-post","status-publish","format-standard","has-post-thumbnail","hentry","category-ekonomi","tag-enflasyon","tag-ettigini","tag-karahan"],"_links":{"self":[{"href":"https:\/\/ekamu.net\/index.php\/wp-json\/wp\/v2\/posts\/90258","targetHints":{"allow":["GET"]}}],"collection":[{"href":"https:\/\/ekamu.net\/index.php\/wp-json\/wp\/v2\/posts"}],"about":[{"href":"https:\/\/ekamu.net\/index.php\/wp-json\/wp\/v2\/types\/post"}],"author":[{"embeddable":true,"href":"https:\/\/ekamu.net\/index.php\/wp-json\/wp\/v2\/users\/1"}],"replies":[{"embeddable":true,"href":"https:\/\/ekamu.net\/index.php\/wp-json\/wp\/v2\/comments?post=90258"}],"version-history":[{"count":1,"href":"https:\/\/ekamu.net\/index.php\/wp-json\/wp\/v2\/posts\/90258\/revisions"}],"predecessor-version":[{"id":90260,"href":"https:\/\/ekamu.net\/index.php\/wp-json\/wp\/v2\/posts\/90258\/revisions\/90260"}],"wp:featuredmedia":[{"embeddable":true,"href":"https:\/\/ekamu.net\/index.php\/wp-json\/wp\/v2\/media\/90259"}],"wp:attachment":[{"href":"https:\/\/ekamu.net\/index.php\/wp-json\/wp\/v2\/media?parent=90258"}],"wp:term":[{"taxonomy":"category","embeddable":true,"href":"https:\/\/ekamu.net\/index.php\/wp-json\/wp\/v2\/categories?post=90258"},{"taxonomy":"post_tag","embeddable":true,"href":"https:\/\/ekamu.net\/index.php\/wp-json\/wp\/v2\/tags?post=90258"}],"curies":[{"name":"wp","href":"https:\/\/api.w.org\/{rel}","templated":true}]}}