{"id":93391,"date":"2025-05-18T03:48:10","date_gmt":"2025-05-18T03:48:10","guid":{"rendered":"https:\/\/ekamu.net\/?p=93391"},"modified":"2025-05-18T03:48:10","modified_gmt":"2025-05-18T03:48:10","slug":"dynamo-kyiv-maci-hazirliklari-basladi","status":"publish","type":"post","link":"https:\/\/ekamu.net\/index.php\/2025\/05\/18\/dynamo-kyiv-maci-hazirliklari-basladi\/","title":{"rendered":"Dynamo Kyiv ma\u00e7\u0131 haz\u0131rl\u0131klar\u0131 ba\u015flad\u0131"},"content":{"rendered":"<p>Galatasaray Futbol Tak\u0131m\u0131, UEFA Avrupa Ligi\u2019nde Dynamo Kyiv ile oynayaca\u011f\u0131 ma\u00e7\u0131n haz\u0131rl\u0131klar\u0131na bug\u00fcn Florya Metin Oktay Tesisleri\u2019nde yapt\u0131\u011f\u0131 antrenmanla ba\u015flad\u0131. <\/p>\n<p><p>Dinamik \u0131s\u0131nmayla ba\u015flayan idman, 8\u2019e 2 pas \u00e7al\u0131\u015fmas\u0131yla devam etti. Teknik direkt\u00f6r\u00fcm\u00fcz Okan Buruk y\u00f6netimindeki antrenman, ko\u015fu ve topa sahip olma \u00e7al\u0131\u015fmalar\u0131n\u0131n ard\u0131ndan \u00e7ift kale ma\u00e7la sona erdi.<\/p>\n<p>Galatasaray Futbol Tak\u0131m\u0131, yar\u0131n saat 11.00\u2019de yapaca\u011f\u0131 idmanla haz\u0131rl\u0131klar\u0131n\u0131 s\u00fcrd\u00fcrecek.<\/p>\n<p>\u00a0<\/p>\n\n<div><img decoding=\"async\" src=\"https:\/\/ekamu.net\/wp-content\/uploads\/2025\/05\/dynamo-kyiv-maci-hazirliklari-basladi-0-EM5RQtSi.jpeg\"\/><\/p>\n<p><img decoding=\"async\" src=\"https:\/\/ekamu.net\/wp-content\/uploads\/2025\/05\/dynamo-kyiv-maci-hazirliklari-basladi-1-FBTZfzYn.jpeg\"\/><\/p>\n<p><img decoding=\"async\" src=\"https:\/\/ekamu.net\/wp-content\/uploads\/2025\/05\/dynamo-kyiv-maci-hazirliklari-basladi-2-W193pVhr.jpeg\"\/><\/p>\n<p><img decoding=\"async\" src=\"https:\/\/ekamu.net\/wp-content\/uploads\/2025\/05\/dynamo-kyiv-maci-hazirliklari-basladi-3-NVatNJLz.jpeg\"\/><\/p>\n<p><img decoding=\"async\" src=\"https:\/\/ekamu.net\/wp-content\/uploads\/2025\/05\/dynamo-kyiv-maci-hazirliklari-basladi-4-7uaamsxw.jpeg\"\/><\/p>\n<p><img decoding=\"async\" src=\"https:\/\/ekamu.net\/wp-content\/uploads\/2025\/05\/dynamo-kyiv-maci-hazirliklari-basladi-5-FZEYgcdB.jpeg\"\/><\/p>\n<p><img decoding=\"async\" src=\"https:\/\/ekamu.net\/wp-content\/uploads\/2025\/05\/dynamo-kyiv-maci-hazirliklari-basladi-6-4El9aUdN.jpeg\"\/><\/p>\n<p><img decoding=\"async\" src=\"https:\/\/ekamu.net\/wp-content\/uploads\/2025\/05\/dynamo-kyiv-maci-hazirliklari-basladi-7-3weQlJap.jpeg\"\/><\/p>\n<p><img decoding=\"async\" src=\"https:\/\/ekamu.net\/wp-content\/uploads\/2025\/05\/dynamo-kyiv-maci-hazirliklari-basladi-8-DxyKAuE7.jpeg\"\/><\/p>\n<p><img decoding=\"async\" src=\"https:\/\/ekamu.net\/wp-content\/uploads\/2025\/05\/dynamo-kyiv-maci-hazirliklari-basladi-9-IJWVxU1h.jpeg\"\/><\/p>\n<p><img decoding=\"async\" src=\"https:\/\/ekamu.net\/wp-content\/uploads\/2025\/05\/dynamo-kyiv-maci-hazirliklari-basladi-10-9DfxPTsN.jpeg\"\/><\/p>\n<p><img decoding=\"async\" src=\"https:\/\/ekamu.net\/wp-content\/uploads\/2025\/05\/dynamo-kyiv-maci-hazirliklari-basladi-11-AGIDEZnW.jpeg\"\/><\/div>\n<\/p>","protected":false},"excerpt":{"rendered":"<p>Galatasaray Futbol Tak\u0131m\u0131, UEFA Avrupa Ligi\u2019nde Dynamo Kyiv ile oynayaca\u011f\u0131 ma\u00e7\u0131n haz\u0131rl\u0131klar\u0131na bug\u00fcn Florya Metin Oktay Tesisleri\u2019nde yapt\u0131\u011f\u0131 antrenmanla ba\u015flad\u0131.<\/p>\n","protected":false},"author":1,"featured_media":93392,"comment_status":"open","ping_status":"open","sticky":false,"template":"","format":"standard","meta":{"footnotes":""},"categories":[12],"tags":[],"class_list":["post-93391","post","type-post","status-publish","format-standard","has-post-thumbnail","hentry","category-galatasaray"],"_links":{"self":[{"href":"https:\/\/ekamu.net\/index.php\/wp-json\/wp\/v2\/posts\/93391","targetHints":{"allow":["GET"]}}],"collection":[{"href":"https:\/\/ekamu.net\/index.php\/wp-json\/wp\/v2\/posts"}],"about":[{"href":"https:\/\/ekamu.net\/index.php\/wp-json\/wp\/v2\/types\/post"}],"author":[{"embeddable":true,"href":"https:\/\/ekamu.net\/index.php\/wp-json\/wp\/v2\/users\/1"}],"replies":[{"embeddable":true,"href":"https:\/\/ekamu.net\/index.php\/wp-json\/wp\/v2\/comments?post=93391"}],"version-history":[{"count":1,"href":"https:\/\/ekamu.net\/index.php\/wp-json\/wp\/v2\/posts\/93391\/revisions"}],"predecessor-version":[{"id":93405,"href":"https:\/\/ekamu.net\/index.php\/wp-json\/wp\/v2\/posts\/93391\/revisions\/93405"}],"wp:featuredmedia":[{"embeddable":true,"href":"https:\/\/ekamu.net\/index.php\/wp-json\/wp\/v2\/media\/93392"}],"wp:attachment":[{"href":"https:\/\/ekamu.net\/index.php\/wp-json\/wp\/v2\/media?parent=93391"}],"wp:term":[{"taxonomy":"category","embeddable":true,"href":"https:\/\/ekamu.net\/index.php\/wp-json\/wp\/v2\/categories?post=93391"},{"taxonomy":"post_tag","embeddable":true,"href":"https:\/\/ekamu.net\/index.php\/wp-json\/wp\/v2\/tags?post=93391"}],"curies":[{"name":"wp","href":"https:\/\/api.w.org\/{rel}","templated":true}]}}