{"id":9359,"date":"2024-05-31T16:36:04","date_gmt":"2024-05-31T16:36:04","guid":{"rendered":"https:\/\/ekamu.net\/?p=9359"},"modified":"2024-05-31T16:36:04","modified_gmt":"2024-05-31T16:36:04","slug":"ab-enerji-sarti-anlasmasindan-cikiyor","status":"publish","type":"post","link":"https:\/\/ekamu.net\/index.php\/2024\/05\/31\/ab-enerji-sarti-anlasmasindan-cikiyor\/","title":{"rendered":"AB, Enerji \u015eart\u0131 Anla\u015fmas\u0131ndan \u00e7\u0131k\u0131yor"},"content":{"rendered":"<div>\n<p>AB Konseyi, \u00fcye \u00fclkelerin AB ve Euratom&#8217;un Enerji \u015eart\u0131 Anla\u015fmas\u0131&#8217;ndan ayr\u0131lmas\u0131na ili\u015fkin karar\u0131 kabul etti\u011fini a\u00e7\u0131klad\u0131.<\/p>\n<p>A\u00e7\u0131klamada, AB ve Euratom&#8217;un \u00e7ekilmesinin ard\u0131ndan s\u00f6zle\u015fmeye taraf olarak kalmak isteyen \u00fcye \u00fclkelerin, y\u0131l sonuna kadar ger\u00e7ekle\u015ftirilmesi beklenen Enerji \u015eart\u0131 Konferans\u0131&#8217;nda anla\u015fman\u0131n modernize edilmesini kabullenebilecekleri belirtildi.<\/p>\n<p><b>Anla\u015fma hakk\u0131nda<\/b><\/p>\n<p>Enerji sekt\u00f6r\u00fcndeki s\u0131n\u0131r \u00f6tesi yat\u0131r\u0131mlar\u0131 korumak i\u00e7in 1994&#8217;te imzalanan Enerji \u015eart\u0131 Anla\u015fmas\u0131 1998&#8217;de y\u00fcr\u00fcrl\u00fc\u011fe girdi.<\/p>\n<p>Anla\u015fma, fosil yak\u0131tlar da dahil olmak \u00fczere enerji sekt\u00f6r\u00fcndeki yabanc\u0131 yat\u0131r\u0131mc\u0131lara kapsaml\u0131 haklar ve hukuki netlik sa\u011fl\u0131yor.<\/p>\n<\/div>\n<div>\n<p>Halihaz\u0131rda 50 \u00fclke, AB ve Euratom taraf\u0131ndan onaylanm\u0131\u015f anla\u015fma, son d\u00f6nemde yo\u011fun bi\u00e7imde tart\u0131\u015f\u0131l\u0131yor.<\/p>\n<p>Ba\u015flang\u0131\u00e7ta sekt\u00f6rdeki yat\u0131r\u0131mlar\u0131 desteklemek i\u00e7in tasarlanan anla\u015fma, enerji \u015firketlerine yat\u0131r\u0131mlar\u0131na zarar veren politikalar nedeniyle \u00fclkelere dava a\u00e7ma imkan\u0131 sa\u011fl\u0131yor.<\/p>\n<p>Anla\u015fman\u0131n \u00f6zellikle fosil yak\u0131t \u015firketlerinin yat\u0131r\u0131mlar\u0131n\u0131 korumalar\u0131nda kullan\u0131lmas\u0131 pek \u00e7ok \u00fclkede ele\u015ftiri konusu olmu\u015ftu.<\/p>\n<p>Anla\u015fmada, AB \u00fclkelerini ayr\u0131lmalar\u0131 durumunda dahi mevcut fosil yak\u0131t yat\u0131r\u0131mlar\u0131n\u0131 20 y\u0131l boyunca koruyacak sonland\u0131rma h\u00fckm\u00fc bulunuyor.<\/p>\n<p>\u0130talya&#8217;n\u0131n 2016&#8217;da ayr\u0131ld\u0131\u011f\u0131 anla\u015fmadan, \u00f6zellikle Almanya, Fransa, \u0130spanya, Danimarka, L\u00fcksemburg, Hollanda ve Polonya gibi \u00fclkeler \u00e7ekilmeyi planl\u0131yordu.<\/p>\n<p>AB Komisyonu, ge\u00e7en y\u0131l, iklim endi\u015feleri nedeniyle \u00fcye \u00fclkeler, AB ve Euratom&#8217;un Enerji \u015eart\u0131 Anla\u015fmas\u0131&#8217;ndan koordineli \u015fekilde \u00e7ekilmesini teklif etmi\u015fti.<\/p>\n<p>Avrupa Parlamentosu (AP) nisan ay\u0131nda anla\u015fmadan \u00e7\u0131k\u0131\u015f\u0131 kabul etmi\u015fti.<\/p>\n<\/div>\n<\/p>\n<p><\/p>\n<p>Kaynak :\u00a0<span style=\"background-color: rgb(255, 249, 236); color: rgb(55, 58, 60); font-size: 14px;\">Bloomberg HT<\/span><\/p>\n<p><span style=\"display: block; width: 343.125px; color: rgb(55, 58, 60); font-size: 14px; background-color: rgb(255, 249, 236);\"><\/span><\/p>\n","protected":false},"excerpt":{"rendered":"<p>Avrupa Birli\u011fi (AB) \u00fclkeleri, Birlik ve Avrupa Atom Enerjisi Toplulu\u011fu&#8217;nun (Euratom), enerji sekt\u00f6r\u00fcndeki yat\u0131r\u0131mlar\u0131 koruyan Enerji \u015eart\u0131 Anla\u015fmas\u0131&#8217;ndan \u00e7\u0131kmas\u0131na onay verdi. AB Komisyonu, ge\u00e7en y\u0131l, iklim endi\u015feleri nedeniyle anla\u015fmadan koordineli&#8230;<\/p>\n","protected":false},"author":1,"featured_media":9360,"comment_status":"open","ping_status":"open","sticky":false,"template":"","format":"standard","meta":{"footnotes":""},"categories":[2],"tags":[521,137,618,680],"class_list":["post-9359","post","type-post","status-publish","format-standard","has-post-thumbnail","hentry","category-ekonomi","tag-anlasma","tag-enerji","tag-ulkeler","tag-yatirimlari"],"_links":{"self":[{"href":"https:\/\/ekamu.net\/index.php\/wp-json\/wp\/v2\/posts\/9359","targetHints":{"allow":["GET"]}}],"collection":[{"href":"https:\/\/ekamu.net\/index.php\/wp-json\/wp\/v2\/posts"}],"about":[{"href":"https:\/\/ekamu.net\/index.php\/wp-json\/wp\/v2\/types\/post"}],"author":[{"embeddable":true,"href":"https:\/\/ekamu.net\/index.php\/wp-json\/wp\/v2\/users\/1"}],"replies":[{"embeddable":true,"href":"https:\/\/ekamu.net\/index.php\/wp-json\/wp\/v2\/comments?post=9359"}],"version-history":[{"count":1,"href":"https:\/\/ekamu.net\/index.php\/wp-json\/wp\/v2\/posts\/9359\/revisions"}],"predecessor-version":[{"id":9361,"href":"https:\/\/ekamu.net\/index.php\/wp-json\/wp\/v2\/posts\/9359\/revisions\/9361"}],"wp:featuredmedia":[{"embeddable":true,"href":"https:\/\/ekamu.net\/index.php\/wp-json\/wp\/v2\/media\/9360"}],"wp:attachment":[{"href":"https:\/\/ekamu.net\/index.php\/wp-json\/wp\/v2\/media?parent=9359"}],"wp:term":[{"taxonomy":"category","embeddable":true,"href":"https:\/\/ekamu.net\/index.php\/wp-json\/wp\/v2\/categories?post=9359"},{"taxonomy":"post_tag","embeddable":true,"href":"https:\/\/ekamu.net\/index.php\/wp-json\/wp\/v2\/tags?post=9359"}],"curies":[{"name":"wp","href":"https:\/\/api.w.org\/{rel}","templated":true}]}}