{"id":9372,"date":"2024-05-31T17:12:04","date_gmt":"2024-05-31T17:12:04","guid":{"rendered":"https:\/\/ekamu.net\/?p=9372"},"modified":"2024-05-31T17:12:04","modified_gmt":"2024-05-31T17:12:04","slug":"yazar-mustafa-kasadarin-oglunu-vahsice-oldurmustu-karar-aciklandi","status":"publish","type":"post","link":"https:\/\/ekamu.net\/index.php\/2024\/05\/31\/yazar-mustafa-kasadarin-oglunu-vahsice-oldurmustu-karar-aciklandi\/","title":{"rendered":"Yazar Mustafa Kasadar\u2019\u0131n o\u011flunu vah\u015fice \u00f6ld\u00fcrm\u00fc\u015ft\u00fc! Karar a\u00e7\u0131kland\u0131"},"content":{"rendered":"<p><p>\u0130stanbul Bayrampa\u015fa\u2019da kay\u0131p olarak aran\u0131rken cesedi bir evin buzdolab\u0131nda bulunan 19 ya\u015f\u0131ndaki Muhammed Nuh Kasadar\u2019\u0131n \u00f6l\u00fcm\u00fcne ili\u015fkin 28 ya\u015f\u0131ndaki Hakan \u00d6zt\u00fcrk\u2019\u00fcn yarg\u0131lanmas\u0131na devam edildi. \u0130stanbul 40. A\u011f\u0131r Ceza Mahkemesi\u2019nde g\u00f6r\u00fclen duru\u015fmaya tutuklu san\u0131k Hakan \u00d6zt\u00fcrk SEGB\u0130S sistemi ile kat\u0131ld\u0131. Duru\u015fmada ilk olarak san\u0131\u011f\u0131n ak\u0131l sa\u011fl\u0131\u011f\u0131n\u0131n yerinde olup olmad\u0131\u011f\u0131na ili\u015fkin Adli T\u0131p Kurumu\u2019ndan gelen rapor okundu. Raporda san\u0131k Hakan \u00d6zt\u00fcrk\u2019\u00fcn ak\u0131l sa\u011fl\u0131\u011f\u0131n\u0131n yerinde oldu\u011fu ve ceza sorumlulu\u011funun tam oldu\u011fu belirtildi.<\/p>\n<p><strong>SAVUNMA YAPMADI <\/strong><\/p>\n<p>Raporun ard\u0131ndan savunmas\u0131 sorulan san\u0131k, \u201c\u00d6nceki savunmalar\u0131ma ekleyecek bir \u015feyim yoktur\u201d dedi. Duru\u015fmada haz\u0131r bulunan Muhammed Nur Kasadar\u2019\u0131n babas\u0131 Mustafa Kasadar, \u201cMahkemenin bug\u00fcn neticelenmesini ve san\u0131\u011f\u0131n cezaland\u0131r\u0131lmas\u0131n\u0131 istiyorum\u201d dedi. M\u00fc\u015fteki avukat\u0131 ise s\u00f6z alarak, \u201cSan\u0131\u011fa 50 bin y\u0131l da 100 bin y\u0131l da ceza da verseniz m\u00fcvekkillerinin ac\u0131s\u0131 dinmeyecek. San\u0131k bir an \u00f6nce cezaland\u0131r\u0131ls\u0131n\u201d dedi. Son s\u00f6z\u00fc sorulan san\u0131k Hakan \u00d6zt\u00fcrk ise yine, \u201cBir diyece\u011fim yoktur\u201d dedi.<\/p>\n<div>\n<div> <img decoding=\"async\" src=\"https:\/\/ekamu.net\/wp-content\/uploads\/2024\/05\/yazar-mustafa-kasadarin-oglunu-vahsice-oldurmustu-karar-aciklandi-0-dyZuGLYi.jpg\"\/><\/img> <\/div>\n<\/p><\/div>\n<\/p>\n<p><strong>\u0130ND\u0130R\u0130MS\u0130Z A\u011eIRLA\u015eTIRILMI\u015e M\u00dcEBET <\/strong><\/p>\n<p>Al\u0131nan beyanlar\u0131n ard\u0131ndan karar\u0131n\u0131 a\u00e7\u0131klayan mahkeme heyeti san\u0131k Hakan \u00d6zt\u00fcrk\u2019\u00fc, \u201ctasarlayarak \u00f6ld\u00fcrme\u201d su\u00e7undan a\u011f\u0131rla\u015ft\u0131r\u0131lm\u0131\u015f m\u00fcebbet hapis cezas\u0131na \u00e7arpt\u0131r\u0131ld\u0131. Mahkeme bu cezada herhangi bir indirim de uygulamad\u0131. Mahkeme ayr\u0131ca san\u0131\u011f\u0131, \u201cgece vakti ya\u011fmaya te\u015febb\u00fcs\u201d su\u00e7undan da 10 y\u0131l 10 ay 15 g\u00fcn hapis cezas\u0131na \u00e7arpt\u0131rd\u0131. Mahkeme san\u0131\u011f\u0131n tutukluluk halinin devam\u0131na karar verdi.<\/p>\n\n<p>Kaynak :\u00a0<span style=\"background-color: rgb(255, 249, 236); color: rgb(55, 58, 60); font-size: 14px;\">http:\/\/www.milliyet.com.tr\/gundem\/yazar-mustafa-kasadarin-oglunu-vahsice-oldurmustu-karar-aciklandi-7134162<\/span><\/p>\n","protected":false},"excerpt":{"rendered":"<p>Milli Gazete yazar\u0131 Mustafa Kasadar\u2019\u0131n o\u011flu Muhammed Nuh Kasadar\u2019\u0131 iple bo\u011fup cesedini ikiye b\u00f6ld\u00fckten sonra buzdolab\u0131nda saklayan ve ailesinden fidye isteyen Hakan \u00d6zt\u00fcrk hakk\u0131ndaki davada karar a\u00e7\u0131kland\u0131.<\/p>\n","protected":false},"author":1,"featured_media":9373,"comment_status":"open","ping_status":"open","sticky":false,"template":"","format":"standard","meta":{"footnotes":""},"categories":[3],"tags":[203,683,681,682],"class_list":["post-9372","post","type-post","status-publish","format-standard","has-post-thumbnail","hentry","category-genel","tag-ceza","tag-hakan-ozturk","tag-mahkeme","tag-sanik"],"_links":{"self":[{"href":"https:\/\/ekamu.net\/index.php\/wp-json\/wp\/v2\/posts\/9372","targetHints":{"allow":["GET"]}}],"collection":[{"href":"https:\/\/ekamu.net\/index.php\/wp-json\/wp\/v2\/posts"}],"about":[{"href":"https:\/\/ekamu.net\/index.php\/wp-json\/wp\/v2\/types\/post"}],"author":[{"embeddable":true,"href":"https:\/\/ekamu.net\/index.php\/wp-json\/wp\/v2\/users\/1"}],"replies":[{"embeddable":true,"href":"https:\/\/ekamu.net\/index.php\/wp-json\/wp\/v2\/comments?post=9372"}],"version-history":[{"count":1,"href":"https:\/\/ekamu.net\/index.php\/wp-json\/wp\/v2\/posts\/9372\/revisions"}],"predecessor-version":[{"id":9375,"href":"https:\/\/ekamu.net\/index.php\/wp-json\/wp\/v2\/posts\/9372\/revisions\/9375"}],"wp:featuredmedia":[{"embeddable":true,"href":"https:\/\/ekamu.net\/index.php\/wp-json\/wp\/v2\/media\/9373"}],"wp:attachment":[{"href":"https:\/\/ekamu.net\/index.php\/wp-json\/wp\/v2\/media?parent=9372"}],"wp:term":[{"taxonomy":"category","embeddable":true,"href":"https:\/\/ekamu.net\/index.php\/wp-json\/wp\/v2\/categories?post=9372"},{"taxonomy":"post_tag","embeddable":true,"href":"https:\/\/ekamu.net\/index.php\/wp-json\/wp\/v2\/tags?post=9372"}],"curies":[{"name":"wp","href":"https:\/\/api.w.org\/{rel}","templated":true}]}}