{"id":96303,"date":"2025-05-23T05:00:09","date_gmt":"2025-05-23T05:00:09","guid":{"rendered":"https:\/\/ekamu.net\/?p=96303"},"modified":"2025-05-23T05:00:09","modified_gmt":"2025-05-23T05:00:09","slug":"iphonelarda-sira-disi-hata-telefondan-garip-sesler-geliyor","status":"publish","type":"post","link":"https:\/\/ekamu.net\/index.php\/2025\/05\/23\/iphonelarda-sira-disi-hata-telefondan-garip-sesler-geliyor\/","title":{"rendered":"iPhone&#8217;larda s\u0131ra d\u0131\u015f\u0131 hata: Telefondan &#8220;garip&#8221; sesler geliyor"},"content":{"rendered":"<p><figure> <span> <img decoding=\"async\" src=\"https:\/\/ekamu.net\/wp-content\/uploads\/2025\/05\/iphonelarda-sira-disi-hata-telefondan-garip-sesler-geliyor-0-xyw1z24s.jpg\"\/> <\/span> Apple\u2019\u0131n k\u0131sa s\u00fcre \u00f6nce yay\u0131nlad\u0131\u011f\u0131 iOS 18, yeni \u00f6zellikleriyle dikkat \u00e7ekerken beklenmedik sorunlar\u0131 da beraberinde getirdi. Bunlar\u0131n \u00e7o\u011fu g\u00fcn\u00fcm\u00fczde \u00e7\u00f6z\u00fclm\u00fc\u015f olsa da, farkl\u0131 bi\u00e7imlerde yeniden ortaya \u00e7\u0131kmaya devam ediyor. \u015eimdi de kullan\u0131c\u0131lar, iPhone&#8217;lar\u0131n <strong>istemsiz acil aramalar<\/strong> yapt\u0131\u011f\u0131ndan ve &#8220;<strong>garip sesler&#8221;<\/strong> \u00e7\u0131kard\u0131\u011f\u0131ndan \u015fikayet\u00e7i. <\/figure>\n<p><b>Apple, sorunu do\u011frulad\u0131<\/b><\/p>\n<p>Apple\u2019\u0131n iOS 18 g\u00fcncellemesi, son d\u00f6nemde yenilikleri kadar sorunlar\u0131yla da g\u00fcndemde. iOS 18 g\u00fcncellemesini y\u00fckleyen \u00e7ok say\u0131da kullan\u0131c\u0131, \u015fimdi de telefonlar\u0131ndan garip sesler geldi\u011fini s\u00f6yl\u00fcyor.\u00a0Hatta Reddit&#8217;te bulunan baz\u0131 kullan\u0131c\u0131lar, bunlar\u0131n\u00a0<strong>belirsiz konu\u015fmalar oldu\u011funu<\/strong> iddia etti. Dolay\u0131s\u0131yla ortada bir <strong>g\u00fcvenlik endi\u015fesi<\/strong> de bulunuyor.<\/p>\n<p>Keza bu sorunun\u00a0donan\u0131m ar\u0131zas\u0131ndan kaynaklan\u0131yor olabilece\u011fi gibi yaz\u0131l\u0131msal bir hata ihtimalini de mevcut.\u00a0Neyse ki Apple, kullan\u0131c\u0131 \u015fikayetlerinin artmas\u0131 \u00fczerine <strong>bu hatalar\u0131n fark\u0131nda oldu\u011funu<\/strong> ve <strong>\u00fczerinde \u00e7al\u0131\u015ft\u0131\u011f\u0131n\u0131<\/strong> a\u00e7\u0131klad\u0131. \u015eirket, k\u0131sa s\u00fcre i\u00e7inde bir d\u00fczeltme yay\u0131nlamay\u0131 planl\u0131yor. \u00d6te yandan sorunun kayna\u011f\u0131 veya hangi modellerin etkilendi\u011fine ili\u015fkin bilgiler hen\u00fcz payla\u015f\u0131lm\u0131\u015f de\u011fil.<\/p>\n<p>Apple\u2019\u0131n ge\u00e7mi\u015fteki sorunlara h\u0131zl\u0131 yan\u0131t verdi\u011fi bilindi\u011finden, kullan\u0131c\u0131lar\u0131n bu konuda \u00e7ok beklemeyece\u011fini s\u00f6yleyelim.\u00a0\u015eimdilik sorunun kesin bir \u00e7\u00f6z\u00fcm\u00fc yok.\u00a0Ayr\u0131ca iOS 17\u2019nin imzalama s\u00fcreci durdu\u011fu i\u00e7in\u00a0kullan\u0131c\u0131lar\u0131n OS 17\u2019ye ge\u00e7i\u015f yapamayaca\u011f\u0131n\u0131 belirtelim.\u00a0<\/p>\n\n<p><span style=\"display: block; width: 343.125px; color: rgb(55, 58, 60); font-size: 14px; background-color: rgb(255, 249, 236);\"><\/span><\/p>\n<p>Kaynak :\u00a0<span style=\"background-color: rgb(255, 249, 236); color: rgb(55, 58, 60); font-size: 14px;\">https:\/\/www.donanimhaber.com\/ios-18-de-sira-disi-hata-iphone-dan-garip-sesler-geliyor&#8211;184329<\/span><\/p>\n","protected":false},"excerpt":{"rendered":"<p>Apple\u2019\u0131n k\u0131sa s\u00fcre \u00f6nce yay\u0131nlad\u0131\u011f\u0131 iOS 18, yeni \u00f6zellikleriyle dikkat \u00e7ekerken beklenmedik sorunlar\u0131 da beraberinde getirdi. Bunlar\u0131n \u00e7o\u011fu g\u00fcn\u00fcm\u00fczde \u00e7\u00f6z\u00fclm\u00fc\u015f olsa da, farkl\u0131 bi\u00e7imlerde yeniden ortaya \u00e7\u0131kmaya devam ediyor. \u015eimdi de kullan\u0131c\u0131lar &#8230;<\/p>\n","protected":false},"author":1,"featured_media":96304,"comment_status":"open","ping_status":"open","sticky":false,"template":"","format":"standard","meta":{"footnotes":""},"categories":[8],"tags":[233],"class_list":["post-96303","post","type-post","status-publish","format-standard","has-post-thumbnail","hentry","category-teknoloji","tag-kullanici"],"_links":{"self":[{"href":"https:\/\/ekamu.net\/index.php\/wp-json\/wp\/v2\/posts\/96303","targetHints":{"allow":["GET"]}}],"collection":[{"href":"https:\/\/ekamu.net\/index.php\/wp-json\/wp\/v2\/posts"}],"about":[{"href":"https:\/\/ekamu.net\/index.php\/wp-json\/wp\/v2\/types\/post"}],"author":[{"embeddable":true,"href":"https:\/\/ekamu.net\/index.php\/wp-json\/wp\/v2\/users\/1"}],"replies":[{"embeddable":true,"href":"https:\/\/ekamu.net\/index.php\/wp-json\/wp\/v2\/comments?post=96303"}],"version-history":[{"count":1,"href":"https:\/\/ekamu.net\/index.php\/wp-json\/wp\/v2\/posts\/96303\/revisions"}],"predecessor-version":[{"id":96306,"href":"https:\/\/ekamu.net\/index.php\/wp-json\/wp\/v2\/posts\/96303\/revisions\/96306"}],"wp:featuredmedia":[{"embeddable":true,"href":"https:\/\/ekamu.net\/index.php\/wp-json\/wp\/v2\/media\/96304"}],"wp:attachment":[{"href":"https:\/\/ekamu.net\/index.php\/wp-json\/wp\/v2\/media?parent=96303"}],"wp:term":[{"taxonomy":"category","embeddable":true,"href":"https:\/\/ekamu.net\/index.php\/wp-json\/wp\/v2\/categories?post=96303"},{"taxonomy":"post_tag","embeddable":true,"href":"https:\/\/ekamu.net\/index.php\/wp-json\/wp\/v2\/tags?post=96303"}],"curies":[{"name":"wp","href":"https:\/\/api.w.org\/{rel}","templated":true}]}}