{"id":96801,"date":"2025-05-23T22:12:12","date_gmt":"2025-05-23T22:12:12","guid":{"rendered":"https:\/\/ekamu.net\/?p=96801"},"modified":"2025-05-23T22:12:12","modified_gmt":"2025-05-23T22:12:12","slug":"kamp-kadromuz","status":"publish","type":"post","link":"https:\/\/ekamu.net\/index.php\/2025\/05\/23\/kamp-kadromuz\/","title":{"rendered":"Kamp kadromuz"},"content":{"rendered":"<p>Galatasaray\u0131m\u0131z, Trendyol S\u00fcper Lig\u2019in 27. haftas\u0131nda Corendon Alanyaspor ile kar\u015f\u0131 kar\u015f\u0131ya gelecek. Gain Park Stadyumu\u2019nda 9 Mart Pazar g\u00fcn\u00fc oynanacak olan m\u00fcsabaka saat 20.30\u2019da ba\u015flayacak. <\/p>\n<p><p><strong>Kamp kadromuz \u015fu \u015fekilde:<\/strong><\/p>\n<p><em>Fernando Muslera, Ey\u00fcp Ayd\u0131n, Davinson Sanchez, Roland Sallai, Kerem Demirbay, Dries Mertrens, Yunus Akg\u00fcn, Eren Elmal\u0131, Berkan Kutlu, G\u00fcnay G\u00fcven\u00e7, Gabriel Sara, Ahmed Kutucu, Kaan Ayhan, Elias Jelert, Carlos Cuesta, Przemyslaw Frankowski, Yusuf Demir, Lucas Torreira, Atakan Ordu, Abd\u00fclkerim Bardakc\u0131, Victor Osimhen, Jankat Y\u0131lmaz, Bar\u0131\u015f Alper Y\u0131lmaz, Berat Lu\u015f, Alvaro Morata, Efe Akman, Metehan Baltac\u0131, Mario Lemina.\u00a0<\/em><\/p>\n","protected":false},"excerpt":{"rendered":"<p>Galatasaray\u0131m\u0131z, Trendyol S\u00fcper Lig\u2019in 27. haftas\u0131nda Corendon Alanyaspor ile kar\u015f\u0131 kar\u015f\u0131ya gelecek. Gain Park Stadyumu\u2019nda 9 Mart Pazar g\u00fcn\u00fc oynanacak olan m\u00fcsabaka saat 20.30\u2019da ba\u015flayacak.<\/p>\n","protected":false},"author":1,"featured_media":96802,"comment_status":"open","ping_status":"open","sticky":false,"template":"","format":"standard","meta":{"footnotes":""},"categories":[12],"tags":[],"class_list":["post-96801","post","type-post","status-publish","format-standard","has-post-thumbnail","hentry","category-galatasaray"],"_links":{"self":[{"href":"https:\/\/ekamu.net\/index.php\/wp-json\/wp\/v2\/posts\/96801","targetHints":{"allow":["GET"]}}],"collection":[{"href":"https:\/\/ekamu.net\/index.php\/wp-json\/wp\/v2\/posts"}],"about":[{"href":"https:\/\/ekamu.net\/index.php\/wp-json\/wp\/v2\/types\/post"}],"author":[{"embeddable":true,"href":"https:\/\/ekamu.net\/index.php\/wp-json\/wp\/v2\/users\/1"}],"replies":[{"embeddable":true,"href":"https:\/\/ekamu.net\/index.php\/wp-json\/wp\/v2\/comments?post=96801"}],"version-history":[{"count":1,"href":"https:\/\/ekamu.net\/index.php\/wp-json\/wp\/v2\/posts\/96801\/revisions"}],"predecessor-version":[{"id":96803,"href":"https:\/\/ekamu.net\/index.php\/wp-json\/wp\/v2\/posts\/96801\/revisions\/96803"}],"wp:featuredmedia":[{"embeddable":true,"href":"https:\/\/ekamu.net\/index.php\/wp-json\/wp\/v2\/media\/96802"}],"wp:attachment":[{"href":"https:\/\/ekamu.net\/index.php\/wp-json\/wp\/v2\/media?parent=96801"}],"wp:term":[{"taxonomy":"category","embeddable":true,"href":"https:\/\/ekamu.net\/index.php\/wp-json\/wp\/v2\/categories?post=96801"},{"taxonomy":"post_tag","embeddable":true,"href":"https:\/\/ekamu.net\/index.php\/wp-json\/wp\/v2\/tags?post=96801"}],"curies":[{"name":"wp","href":"https:\/\/api.w.org\/{rel}","templated":true}]}}