{"id":98796,"date":"2025-05-27T02:48:05","date_gmt":"2025-05-27T02:48:05","guid":{"rendered":"https:\/\/ekamu.net\/?p=98796"},"modified":"2025-05-27T02:48:05","modified_gmt":"2025-05-27T02:48:05","slug":"tesla-2-bin-431-cybertruck-aracini-geri-cagirdi","status":"publish","type":"post","link":"https:\/\/ekamu.net\/index.php\/2025\/05\/27\/tesla-2-bin-431-cybertruck-aracini-geri-cagirdi\/","title":{"rendered":"Tesla, 2 bin 431 Cybertruck arac\u0131n\u0131 geri \u00e7a\u011f\u0131rd\u0131"},"content":{"rendered":"<p><p>ABD Ulusal Kara Yolu Trafik G\u00fcvenli\u011fi \u0130daresinden (NHTSA) yap\u0131lan a\u00e7\u0131klamada, s\u00f6z konusu karar\u0131n 6 Kas\u0131m 2023 ila 30 Temmuz 2024&#8217;te \u00fcretilen belirli Cybertruck ara\u00e7lar\u0131n\u0131 kapsad\u0131\u011f\u0131 belirtildi.<\/p>\n<p>A\u00e7\u0131klamada, 2 bin 431 arac\u0131n invert\u00f6r\u00fcndeki ar\u0131za nedeniyle geri \u00e7a\u011f\u0131r\u0131ld\u0131\u011f\u0131 kaydedildi.<\/p>\n<p>B\u00f6ylece, son kararla Tesla&#8217;n\u0131n Cybertruck arac\u0131 bu y\u0131l alt\u0131nc\u0131 kez geri \u00e7a\u011f\u0131r\u0131lm\u0131\u015f oldu.<\/p>\n<div>\n<p>Tesla, ekim ay\u0131nda da geri g\u00f6r\u00fc\u015f kameras\u0131ndaki sorun nedeniyle ABD&#8217;de 27 binden fazla Cybertruck arac\u0131n\u0131 geri \u00e7a\u011f\u0131raca\u011f\u0131n\u0131 a\u00e7\u0131klam\u0131\u015ft\u0131.<\/p>\n<\/div>\n<\/p>\n<p><\/p>\n<p>Kaynak :\u00a0<span style=\"background-color: rgb(255, 249, 236); color: rgb(55, 58, 60); font-size: 14px;\">Bloomberg HT<\/span><\/p>\n<p><span style=\"display: block; width: 343.125px; color: rgb(55, 58, 60); font-size: 14px; background-color: rgb(255, 249, 236);\"><\/span><\/p>\n","protected":false},"excerpt":{"rendered":"<p>ABD&#8217;li elektrikli otomobil \u00fcreticisi Tesla&#8217;n\u0131n 2 bin 431 Cybertruck arac\u0131n\u0131 geri \u00e7a\u011f\u0131rd\u0131\u011f\u0131 bildirildi.<\/p>\n","protected":false},"author":1,"featured_media":98797,"comment_status":"open","ping_status":"open","sticky":false,"template":"","format":"standard","meta":{"footnotes":""},"categories":[2],"tags":[],"class_list":["post-98796","post","type-post","status-publish","format-standard","has-post-thumbnail","hentry","category-ekonomi"],"_links":{"self":[{"href":"https:\/\/ekamu.net\/index.php\/wp-json\/wp\/v2\/posts\/98796","targetHints":{"allow":["GET"]}}],"collection":[{"href":"https:\/\/ekamu.net\/index.php\/wp-json\/wp\/v2\/posts"}],"about":[{"href":"https:\/\/ekamu.net\/index.php\/wp-json\/wp\/v2\/types\/post"}],"author":[{"embeddable":true,"href":"https:\/\/ekamu.net\/index.php\/wp-json\/wp\/v2\/users\/1"}],"replies":[{"embeddable":true,"href":"https:\/\/ekamu.net\/index.php\/wp-json\/wp\/v2\/comments?post=98796"}],"version-history":[{"count":1,"href":"https:\/\/ekamu.net\/index.php\/wp-json\/wp\/v2\/posts\/98796\/revisions"}],"predecessor-version":[{"id":98798,"href":"https:\/\/ekamu.net\/index.php\/wp-json\/wp\/v2\/posts\/98796\/revisions\/98798"}],"wp:featuredmedia":[{"embeddable":true,"href":"https:\/\/ekamu.net\/index.php\/wp-json\/wp\/v2\/media\/98797"}],"wp:attachment":[{"href":"https:\/\/ekamu.net\/index.php\/wp-json\/wp\/v2\/media?parent=98796"}],"wp:term":[{"taxonomy":"category","embeddable":true,"href":"https:\/\/ekamu.net\/index.php\/wp-json\/wp\/v2\/categories?post=98796"},{"taxonomy":"post_tag","embeddable":true,"href":"https:\/\/ekamu.net\/index.php\/wp-json\/wp\/v2\/tags?post=98796"}],"curies":[{"name":"wp","href":"https:\/\/api.w.org\/{rel}","templated":true}]}}