{"id":98833,"date":"2025-05-27T03:36:06","date_gmt":"2025-05-27T03:36:06","guid":{"rendered":"https:\/\/ekamu.net\/?p=98833"},"modified":"2025-05-27T03:36:06","modified_gmt":"2025-05-27T03:36:06","slug":"garanti-bbvada-ust-duzey-atama","status":"publish","type":"post","link":"https:\/\/ekamu.net\/index.php\/2025\/05\/27\/garanti-bbvada-ust-duzey-atama\/","title":{"rendered":"Garanti BBVA&#8217;da \u00fcst d\u00fczey atama"},"content":{"rendered":"<p><p>Bankadan yap\u0131lan a\u00e7\u0131klamaya g\u00f6re, Garanti BBVA&#8217;n\u0131n \u00fcst y\u00f6netiminde de\u011fi\u015fiklik ger\u00e7ekle\u015fti.<\/p>\n<p>Bankada 2013&#8217;ten bu yana farkl\u0131 g\u00f6revlerde bulunan ve en son Kurumsal, Yat\u0131r\u0131m Bankac\u0131l\u0131\u011f\u0131 ve Global Piyasalar Genel M\u00fcd\u00fcr Yard\u0131mc\u0131s\u0131 olan Murat \u00c7a\u011fr\u0131 S\u00fczer g\u00f6revinden ayr\u0131l\u0131rken, bu g\u00f6revi, halen bankan\u0131n i\u015ftiraki Garanti Yat\u0131r\u0131m Menkul K\u0131ymetler A\u015e&#8217;nin Genel M\u00fcd\u00fcrl\u00fc\u011f\u00fcn\u00fc y\u00fcr\u00fcten Edige devralacak.<\/p>\n<div>\n<p>Edige, Bankac\u0131l\u0131k D\u00fczenleme ve Denetleme Kurumu&#8217;ndan (BDDK) gerekli onaylar\u0131n tamamlanmas\u0131n\u0131 takiben yeni g\u00f6revine ba\u015flayacak.<\/p>\n<p>1996&#8217;da Bo\u011fazi\u00e7i \u00dcniversitesi \u0130\u015fletme Fak\u00fcltesi\u2019nden mezun olan Edige, ayn\u0131 y\u0131l Garanti BBVA Hazine M\u00fcd\u00fcrl\u00fc\u011f\u00fc&#8217;nde \u00e7al\u0131\u015fmaya ba\u015flad\u0131.<\/p>\n<p>2003-2006 aras\u0131nda ise Hazine M\u00fcd\u00fcrl\u00fc\u011f\u00fc&#8217;nde &#8220;y\u00f6netici&#8221; olarak g\u00f6revine devam eden Edige, 2006-2009 aras\u0131nda Garanti BBVA Portf\u00f6y Yat\u0131r\u0131m Y\u00f6netimi&#8217;nden sorumlu Genel M\u00fcd\u00fcr Yard\u0131mc\u0131l\u0131\u011f\u0131 g\u00f6revini \u00fcstlendi.<\/p>\n<\/div>\n<div>\n<p>Edige, 2009-2012 aras\u0131nda, Garanti BBVA Portf\u00f6y Sat\u0131\u015f ve Pazarlama Genel M\u00fcd\u00fcr Yard\u0131mc\u0131s\u0131 olarak g\u00f6rev yapt\u0131.<\/p>\n<p>2012-2021 d\u00f6neminde Garanti BBVA \u00d6zel Bankac\u0131l\u0131k Direkt\u00f6r\u00fc olarak \u00e7al\u0131\u015ft\u0131ktan sonra, Garanti BBVA Portf\u00f6y Genel M\u00fcd\u00fcr\u00fc olarak atanan Edige, Ekim 2023&#8217;ten bu yana da Garanti BBVA Yat\u0131r\u0131m Genel M\u00fcd\u00fcr\u00fc ve Y\u00f6netim Kurulu \u00dcyesi g\u00f6revlerini s\u00fcrd\u00fcr\u00fcyordu.<\/p>\n<\/div>\n<\/p>\n<p><\/p>\n<p>Kaynak :\u00a0<span style=\"background-color: rgb(255, 249, 236); color: rgb(55, 58, 60); font-size: 14px;\">Bloomberg HT<\/span><\/p>\n<p><span style=\"display: block; width: 343.125px; color: rgb(55, 58, 60); font-size: 14px; background-color: rgb(255, 249, 236);\"><\/span><\/p>\n","protected":false},"excerpt":{"rendered":"<p>Bankada Kurumsal, Yat\u0131r\u0131m Bankac\u0131l\u0131\u011f\u0131 ve Global Piyasalar Genel M\u00fcd\u00fcr Yard\u0131mc\u0131s\u0131 olan Murat \u00c7a\u011fr\u0131 S\u00fczer g\u00f6revinden ayr\u0131l\u0131rken, bu g\u00f6revi, halen bankan\u0131n i\u015ftiraki Garanti Yat\u0131r\u0131m Menkul K\u0131ymetler A\u015e&#8217;nin Genel M\u00fcd\u00fcrl\u00fc\u011f\u00fcn\u00fc y\u00fcr\u00fcten Sinem Edige devralacak.<\/p>\n","protected":false},"author":1,"featured_media":98834,"comment_status":"open","ping_status":"open","sticky":false,"template":"","format":"standard","meta":{"footnotes":""},"categories":[2],"tags":[1239,159,252],"class_list":["post-98833","post","type-post","status-publish","format-standard","has-post-thumbnail","hentry","category-ekonomi","tag-garanti-bbva","tag-genel-mudur","tag-gorev"],"_links":{"self":[{"href":"https:\/\/ekamu.net\/index.php\/wp-json\/wp\/v2\/posts\/98833","targetHints":{"allow":["GET"]}}],"collection":[{"href":"https:\/\/ekamu.net\/index.php\/wp-json\/wp\/v2\/posts"}],"about":[{"href":"https:\/\/ekamu.net\/index.php\/wp-json\/wp\/v2\/types\/post"}],"author":[{"embeddable":true,"href":"https:\/\/ekamu.net\/index.php\/wp-json\/wp\/v2\/users\/1"}],"replies":[{"embeddable":true,"href":"https:\/\/ekamu.net\/index.php\/wp-json\/wp\/v2\/comments?post=98833"}],"version-history":[{"count":1,"href":"https:\/\/ekamu.net\/index.php\/wp-json\/wp\/v2\/posts\/98833\/revisions"}],"predecessor-version":[{"id":98835,"href":"https:\/\/ekamu.net\/index.php\/wp-json\/wp\/v2\/posts\/98833\/revisions\/98835"}],"wp:featuredmedia":[{"embeddable":true,"href":"https:\/\/ekamu.net\/index.php\/wp-json\/wp\/v2\/media\/98834"}],"wp:attachment":[{"href":"https:\/\/ekamu.net\/index.php\/wp-json\/wp\/v2\/media?parent=98833"}],"wp:term":[{"taxonomy":"category","embeddable":true,"href":"https:\/\/ekamu.net\/index.php\/wp-json\/wp\/v2\/categories?post=98833"},{"taxonomy":"post_tag","embeddable":true,"href":"https:\/\/ekamu.net\/index.php\/wp-json\/wp\/v2\/tags?post=98833"}],"curies":[{"name":"wp","href":"https:\/\/api.w.org\/{rel}","templated":true}]}}