{"id":98853,"date":"2025-05-27T04:48:09","date_gmt":"2025-05-27T04:48:09","guid":{"rendered":"https:\/\/ekamu.net\/?p=98853"},"modified":"2025-05-27T04:48:09","modified_gmt":"2025-05-27T04:48:09","slug":"meta-abdde-antitrost-davasinda-yargilanacak","status":"publish","type":"post","link":"https:\/\/ekamu.net\/index.php\/2025\/05\/27\/meta-abdde-antitrost-davasinda-yargilanacak\/","title":{"rendered":"Meta, ABD&#8217;de antitr\u00f6st davas\u0131nda yarg\u0131lanacak"},"content":{"rendered":"<p><p>ABD&#8217;de bir federal yarg\u0131\u00e7, Meta&#8217;n\u0131n Facebook platformundaki baz\u0131 k\u0131s\u0131tlamalar\u0131n\u0131n me\u015fru ticari gerek\u00e7elere sahip oldu\u011fu y\u00f6n\u00fcndeki arg\u00fcmanlar\u0131n\u0131 kabul etti.<\/p>\n<p>Ancak \u015firketin Instagram ve WhatsApp&#8217;\u0131 sat\u0131n almas\u0131n\u0131n &#8220;t\u00fcketiciler i\u00e7in iyi oldu\u011fu ve ki\u015fisel sosyal a\u011f pazar\u0131na hakim olma \u00e7abas\u0131 olmad\u0131\u011f\u0131&#8221; y\u00f6n\u00fcndeki savunmas\u0131n\u0131 reddeden yarg\u0131\u00e7, Meta&#8217;n\u0131n FTC&#8217;nin a\u00e7t\u0131\u011f\u0131 antitr\u00f6st davas\u0131nda yarg\u0131lanmas\u0131na karar verdi.<\/p>\n<div>\n<p>Federal yarg\u0131c\u0131n karar\u0131nda, taraflarla bu ay yap\u0131lacak g\u00f6r\u00fc\u015fmede duru\u015fma tarihinin belirlenece\u011fi kaydedildi.<\/p>\n<p>Meta s\u00f6zc\u00fcs\u00fc konuya ili\u015fkin de\u011ferlendirmesinde, delillerin Instagram ve WhatsApp&#8217;\u0131n sat\u0131n al\u0131nmas\u0131n\u0131n rekabet ve t\u00fcketiciler i\u00e7in iyi oldu\u011funu g\u00f6sterece\u011finden emin olduklar\u0131n\u0131 belirtti.<\/p>\n<p>FTC s\u00f6zc\u00fcs\u00fc de davan\u0131n Meta&#8217;n\u0131n tekel g\u00fcc\u00fcn\u00fc s\u0131n\u0131rlamak ve sosyal medya ekosisteminde rekabeti yeniden sa\u011flamak i\u00e7in \u00f6nemine i\u015faret etti.<\/p>\n<\/div>\n<div>\n<p><b> Meta, davan\u0131n d\u00fc\u015f\u00fcr\u00fclmesini istemi\u015fti <\/b><\/p>\n<p>Komisyon, Meta&#8217;n\u0131n 2012&#8217;de Instagram&#8217;\u0131 1 milyar dolara ve 2014&#8217;te Whatsapp&#8217;\u0131 19 milyar dolara sat\u0131n ald\u0131\u011f\u0131nda \u015firketin sosyal medya \u00fczerindeki tekelini s\u00fcrd\u00fcrmek i\u00e7in yasa d\u0131\u015f\u0131 davrand\u0131\u011f\u0131 iddias\u0131yla 2020 y\u0131l\u0131nda dava a\u00e7m\u0131\u015ft\u0131.<\/p>\n<p>FTC, Meta&#8217;n\u0131n s\u00f6z konusu uygulamalar i\u00e7in fazla \u00f6deme yapt\u0131\u011f\u0131n\u0131 \u00f6ne s\u00fcrm\u00fc\u015ft\u00fc.<\/p>\n<p>Meta, nisan ay\u0131nda federal yarg\u0131\u00e7tan FTC&#8217;nin davas\u0131n\u0131 duru\u015fma yap\u0131lmadan reddetmesini talep etmi\u015fti.<\/p>\n<\/div>\n<\/p>\n<p><\/p>\n<p>Kaynak :\u00a0<span style=\"background-color: rgb(255, 249, 236); color: rgb(55, 58, 60); font-size: 14px;\">Bloomberg HT<\/span><\/p>\n<p><span style=\"display: block; width: 343.125px; color: rgb(55, 58, 60); font-size: 14px; background-color: rgb(255, 249, 236);\"><\/span><\/p>\n","protected":false},"excerpt":{"rendered":"<p>Facebook&#8217;un sahibi Meta&#8217;n\u0131n, Instagram ve Whatsapp&#8217;\u0131 sat\u0131n almas\u0131yla ilgili ABD Federal Ticaret Komisyonunun (FTC) a\u00e7t\u0131\u011f\u0131 antitr\u00f6st davas\u0131nda yarg\u0131lanmas\u0131na karar verildi<\/p>\n","protected":false},"author":1,"featured_media":98854,"comment_status":"open","ping_status":"open","sticky":false,"template":"","format":"standard","meta":{"footnotes":""},"categories":[2],"tags":[1446,3339],"class_list":["post-98853","post","type-post","status-publish","format-standard","has-post-thumbnail","hentry","category-ekonomi","tag-dava","tag-metanin"],"_links":{"self":[{"href":"https:\/\/ekamu.net\/index.php\/wp-json\/wp\/v2\/posts\/98853","targetHints":{"allow":["GET"]}}],"collection":[{"href":"https:\/\/ekamu.net\/index.php\/wp-json\/wp\/v2\/posts"}],"about":[{"href":"https:\/\/ekamu.net\/index.php\/wp-json\/wp\/v2\/types\/post"}],"author":[{"embeddable":true,"href":"https:\/\/ekamu.net\/index.php\/wp-json\/wp\/v2\/users\/1"}],"replies":[{"embeddable":true,"href":"https:\/\/ekamu.net\/index.php\/wp-json\/wp\/v2\/comments?post=98853"}],"version-history":[{"count":1,"href":"https:\/\/ekamu.net\/index.php\/wp-json\/wp\/v2\/posts\/98853\/revisions"}],"predecessor-version":[{"id":98855,"href":"https:\/\/ekamu.net\/index.php\/wp-json\/wp\/v2\/posts\/98853\/revisions\/98855"}],"wp:featuredmedia":[{"embeddable":true,"href":"https:\/\/ekamu.net\/index.php\/wp-json\/wp\/v2\/media\/98854"}],"wp:attachment":[{"href":"https:\/\/ekamu.net\/index.php\/wp-json\/wp\/v2\/media?parent=98853"}],"wp:term":[{"taxonomy":"category","embeddable":true,"href":"https:\/\/ekamu.net\/index.php\/wp-json\/wp\/v2\/categories?post=98853"},{"taxonomy":"post_tag","embeddable":true,"href":"https:\/\/ekamu.net\/index.php\/wp-json\/wp\/v2\/tags?post=98853"}],"curies":[{"name":"wp","href":"https:\/\/api.w.org\/{rel}","templated":true}]}}