{"id":99281,"date":"2025-05-27T22:48:06","date_gmt":"2025-05-27T22:48:06","guid":{"rendered":"https:\/\/ekamu.net\/?p=99281"},"modified":"2025-05-27T22:48:06","modified_gmt":"2025-05-27T22:48:06","slug":"turkiye-ile-katar-arasinda-sekiz-anlasma-imzalandi","status":"publish","type":"post","link":"https:\/\/ekamu.net\/index.php\/2025\/05\/27\/turkiye-ile-katar-arasinda-sekiz-anlasma-imzalandi\/","title":{"rendered":"T\u00fcrkiye ile Katar aras\u0131nda sekiz anla\u015fma imzaland\u0131"},"content":{"rendered":"<p><p>Cumhurba\u015fkan\u0131 Erdo\u011fan ve Al Sani, Cumhurba\u015fkanl\u0131\u011f\u0131 K\u00fclliyesi&#8217;nde &#8220;T\u00fcrkiye-Katar Y\u00fcksek Stratejik Komite Onuncu Toplant\u0131s\u0131&#8221;na ba\u015fkanl\u0131k etti.<\/p>\n<p>Toplant\u0131 sonras\u0131 iki \u00fclke aras\u0131nda yap\u0131lacak anla\u015fmalar\u0131n imza t\u00f6renine ge\u00e7ildi.<\/p>\n<p>Cumhurba\u015fkan\u0131 Erdo\u011fan ve Al Sani huzurunda imzalanan sekiz anla\u015fma \u015f\u00f6yle:<\/p>\n<p>&#8221; &#8211; T\u00fcrkiye Cumhuriyeti H\u00fck\u00fcmeti ile Katar Devleti H\u00fck\u00fcmeti Aras\u0131nda \u0130nsani Yard\u0131m Alan\u0131nda \u0130\u015fbirli\u011fi Anla\u015fmas\u0131<\/p>\n<div>\n<p>&#8211; T\u00fcrkiye Cumhuriyeti H\u00fck\u00fcmeti ile Katar Devleti H\u00fck\u00fcmeti Aras\u0131nda Belgeler ve Ar\u015fivler Alanlar\u0131nda \u0130\u015fbirli\u011fine \u0130li\u015fkin Mutabakat Zapt\u0131<\/p>\n<p>&#8211; T\u00fcrkiye Cumhuriyeti H\u00fck\u00fcmeti ile Katar Devleti H\u00fck\u00fcmeti Aras\u0131nda Medya ve \u0130leti\u015fim Alan\u0131nda \u0130\u015fbirli\u011fine \u0130li\u015fkin Mutabakat Zapt\u0131<\/p>\n<p>&#8211; T\u00fcrkiye Cumhuriyeti H\u00fck\u00fcmeti ile Katar Devleti H\u00fck\u00fcmeti Aras\u0131nda Gen\u00e7lik ve Spor Alanlar\u0131nda (2025-2026) Y\u0131llar\u0131na Ait Uygulama Program\u0131<\/p>\n<\/div>\n<div>\n<p>&#8211; T\u00fcrkiye Cumhuriyeti H\u00fck\u00fcmeti ile Katar Devleti H\u00fck\u00fcmeti Aras\u0131nda Uluslararas\u0131 Karayolu Yolcu ve E\u015fya Ta\u015f\u0131mac\u0131l\u0131\u011f\u0131 Alan\u0131nda \u0130\u015fbirli\u011fi Anla\u015fmas\u0131<\/p>\n<p>&#8211; T\u00fcrkiye Cumhuriyeti H\u00fck\u00fcmeti ile Katar Devleti H\u00fck\u00fcmeti Aras\u0131nda Ticaretin Kolayla\u015ft\u0131r\u0131lmas\u0131na \u0130li\u015fkin Niyet Beyan\u0131<\/p>\n<p>&#8211; Savunma Bakanl\u0131klar\u0131 Aras\u0131nda Teknik \u0130\u015fbirli\u011fi Anla\u015fmas\u0131<\/p>\n<p>&#8211; Savunma Bakanl\u0131klar\u0131 Aras\u0131nda Askeri \u0130\u015fbirli\u011fi Anla\u015fmas\u0131.&#8221;<\/p>\n<\/div>\n<div>\n<p>T\u00f6rende ayr\u0131ca D\u0131\u015fi\u015fleri Bakan\u0131 Hakan Fidan ile Katar D\u0131\u015fi\u015fleri Bakan\u0131 \u015eeyh Muhammed bin Abdurrahman Al Sani &#8220;T\u00fcrkiye-Katar Y\u00fcksek Stratejik Komite Onuncu Toplant\u0131s\u0131&#8221; bildirisini imza alt\u0131na ald\u0131.<\/p>\n<\/div>\n<\/p>\n<p><\/p>\n<p>Kaynak :\u00a0<span style=\"background-color: rgb(255, 249, 236); color: rgb(55, 58, 60); font-size: 14px;\">Bloomberg HT<\/span><\/p>\n<p><span style=\"display: block; width: 343.125px; color: rgb(55, 58, 60); font-size: 14px; background-color: rgb(255, 249, 236);\"><\/span><\/p>\n","protected":false},"excerpt":{"rendered":"<p>Cumhurba\u015fkan\u0131 Recep Tayyip Erdo\u011fan ve Katar Emiri \u015eeyh Temim bin Hamed Al Sani huzurunda iki \u00fclke aras\u0131nda sekiz anla\u015fma imzaland\u0131.<\/p>\n","protected":false},"author":1,"featured_media":99282,"comment_status":"open","ping_status":"open","sticky":false,"template":"","format":"standard","meta":{"footnotes":""},"categories":[2],"tags":[521,1480],"class_list":["post-99281","post","type-post","status-publish","format-standard","has-post-thumbnail","hentry","category-ekonomi","tag-anlasma","tag-isbirligi"],"_links":{"self":[{"href":"https:\/\/ekamu.net\/index.php\/wp-json\/wp\/v2\/posts\/99281","targetHints":{"allow":["GET"]}}],"collection":[{"href":"https:\/\/ekamu.net\/index.php\/wp-json\/wp\/v2\/posts"}],"about":[{"href":"https:\/\/ekamu.net\/index.php\/wp-json\/wp\/v2\/types\/post"}],"author":[{"embeddable":true,"href":"https:\/\/ekamu.net\/index.php\/wp-json\/wp\/v2\/users\/1"}],"replies":[{"embeddable":true,"href":"https:\/\/ekamu.net\/index.php\/wp-json\/wp\/v2\/comments?post=99281"}],"version-history":[{"count":1,"href":"https:\/\/ekamu.net\/index.php\/wp-json\/wp\/v2\/posts\/99281\/revisions"}],"predecessor-version":[{"id":99283,"href":"https:\/\/ekamu.net\/index.php\/wp-json\/wp\/v2\/posts\/99281\/revisions\/99283"}],"wp:featuredmedia":[{"embeddable":true,"href":"https:\/\/ekamu.net\/index.php\/wp-json\/wp\/v2\/media\/99282"}],"wp:attachment":[{"href":"https:\/\/ekamu.net\/index.php\/wp-json\/wp\/v2\/media?parent=99281"}],"wp:term":[{"taxonomy":"category","embeddable":true,"href":"https:\/\/ekamu.net\/index.php\/wp-json\/wp\/v2\/categories?post=99281"},{"taxonomy":"post_tag","embeddable":true,"href":"https:\/\/ekamu.net\/index.php\/wp-json\/wp\/v2\/tags?post=99281"}],"curies":[{"name":"wp","href":"https:\/\/api.w.org\/{rel}","templated":true}]}}